{"id":2500,"date":"2026-08-25T14:15:18","date_gmt":"2026-08-25T14:15:18","guid":{"rendered":"https:\/\/cantorlaw.biz\/voies-de-recours-dune-autorite-locale-contre-une-occupation-illegale-de-la-voie-publique\/"},"modified":"2026-08-31T12:57:35","modified_gmt":"2026-08-31T12:57:35","slug":"voies-de-recours-dune-autorite-locale-contre-une-occupation-illegale-de-la-voie-publique","status":"publish","type":"post","link":"https:\/\/cantorlaw.biz\/fr\/voies-de-recours-dune-autorite-locale-contre-une-occupation-illegale-de-la-voie-publique\/","title":{"rendered":"Voies de recours d&rsquo;une autorit\u00e9 locale contre une occupation ill\u00e9gale de la voie publique"},"content":{"rendered":"\n<h1 class=\"wp-block-heading\">1. Introduction et contexte g\u00e9n\u00e9ral : la lutte pour l&rsquo;espace public<\/h1>\n\n<h2 class=\"wp-block-heading\">1.1. Pr\u00e9ambule : quand l&rsquo;espace public devient priv\u00e9<\/h2>\n\n<p class=\"wp-block-paragraph\">1.1.1. Le trottoir et la voie publique appartiennent \u00e0 l&rsquo;ensemble du public. Ils sont destin\u00e9s \u00e0 permettre un passage libre, s\u00fbr et accessible \u00e0 tout citoyen. Lorsqu&rsquo;une entit\u00e9 priv\u00e9e s&rsquo;approprie une partie de la voie publique \u2014 que ce soit en \u00e9rigeant une cl\u00f4ture, en installant une barri\u00e8re ou en pla\u00e7ant d&rsquo;autres obstacles \u2014 elle prive le public de sa propri\u00e9t\u00e9 et porte gravement atteinte \u00e0 l&rsquo;\u00c9tat de droit et \u00e0 l&rsquo;ordre public.  <\/p>\n\n<p class=\"wp-block-paragraph\">1.1.2. Pour faire face \u00e0 ce ph\u00e9nom\u00e8ne, le droit conf\u00e8re \u00e0 l&rsquo;autorit\u00e9 locale (la municipalit\u00e9) une bo\u00eete \u00e0 outils juridique large et vari\u00e9e. L&rsquo;objectif de ce r\u00e9sum\u00e9 est d&rsquo;expliquer en termes clairs et compr\u00e9hensibles les diff\u00e9rentes options dont dispose la municipalit\u00e9, les moyens de les mettre en \u0153uvre, les preuves requises et les tribunaux comp\u00e9tents pour statuer sur ces questions. <\/p>\n\n<p class=\"wp-block-paragraph\">1.2. La double casquette de l&rsquo;autorit\u00e9 locale<\/p>\n\n<p class=\"wp-block-paragraph\">1.2.1. La municipalit\u00e9 op\u00e8re dans le syst\u00e8me juridique sous deux casquettes totalement distinctes : premi\u00e8rement, en tant que propri\u00e9taire priv\u00e9 de biens cherchant \u00e0 prot\u00e9ger ses droits de propri\u00e9t\u00e9 (la voie civile) ; deuxi\u00e8mement, en tant qu&rsquo;autorit\u00e9 publique charg\u00e9e de maintenir l&rsquo;ordre public, la s\u00e9curit\u00e9 routi\u00e8re et la protection de l&rsquo;int\u00e9r\u00eat g\u00e9n\u00e9ral (la voie administrative).<\/p>\n\n<p class=\"wp-block-paragraph\">1.2.2. Le choix entre ces voies n&rsquo;est pas arbitraire, mais soumis \u00e0 des conditions l\u00e9gales strictes, \u00e0 des d\u00e9lais serr\u00e9s et \u00e0 des limitations proc\u00e9durales \u00e9tablies par la jurisprudence des tribunaux. Comme nous le verrons, si la voie administrative permet rapidit\u00e9 et efficacit\u00e9, elle exige un respect scrupuleux de la proc\u00e9dure et des droits fondamentaux de l&rsquo;individu. <\/p>\n\n<h1 class=\"wp-block-heading\">2. La voie administrative A : retrait d&rsquo;un obstacle sur la voie publique en vertu de l&rsquo;ordonnance sur les municipalit\u00e9s<\/h1>\n\n<h2 class=\"wp-block-heading\">2.1. Le fondement juridique et la d\u00e9finition de la comp\u00e9tence<\/h2>\n\n<p class=\"wp-block-paragraph\">2.1.1. L&rsquo;article 235(3) de l&rsquo;ordonnance sur les municipalit\u00e9s [version actualis\u00e9e] impose \u00e0 la municipalit\u00e9 l&rsquo;obligation expresse de surveiller les rues et de veiller \u00e0 \u00ab pr\u00e9venir et retirer les obstacles et violations de propri\u00e9t\u00e9 sur la voie publique \u00bb. Il s&rsquo;agit d&rsquo;une comp\u00e9tence d&rsquo;ex\u00e9cution directe permettant \u00e0 la municipalit\u00e9 d&rsquo;agir pour retirer les occupations ill\u00e9gales sans avoir besoin de saisir pr\u00e9alablement le tribunal. <\/p>\n\n<p class=\"wp-block-paragraph\">2.1.2. Cette comp\u00e9tence est g\u00e9ographiquement limit\u00e9e uniquement au territoire r\u00e9pondant \u00e0 la d\u00e9finition de \u00ab rue \u00bb selon l&rsquo;ordonnance sur les municipalit\u00e9s, qui comprend les routes, trottoirs, passages publics, places et espaces ouverts qui ne sont pas propri\u00e9t\u00e9 priv\u00e9e.<\/p>\n\n<h2 class=\"wp-block-heading\">2.2. Les actions \u00e0 effectuer pour mettre en \u0153uvre la proc\u00e9dure<\/h2>\n\n<p class=\"wp-block-paragraph\">2.2.1. V\u00e9rification factuelle et identification de la nuisance : un inspecteur municipal habilit\u00e9 doit se rendre sur place, examiner la nature de la nuisance, v\u00e9rifier que le lieu constitue effectivement un espace public ou une rue, et documenter les constatations de mani\u00e8re pr\u00e9cise par \u00e9crit et au moyen de photographies.<\/p>\n\n<p class=\"wp-block-paragraph\">2.2.2. Envoi d&rsquo;une demande d&rsquo;\u00e9vacuation et d&rsquo;un avertissement pr\u00e9alable : la municipalit\u00e9 \u00e9met et envoie \u00e0 l&rsquo;occupant ill\u00e9gal une demande d&rsquo;\u00e9vacuation et un avertissement explicite par \u00e9crit, d\u00e9taillant la nature de la violation de propri\u00e9t\u00e9 et lui accordant un d\u00e9lai d\u00e9fini et raisonnable pour retirer la nuisance par lui-m\u00eame.<\/p>\n\n<p class=\"wp-block-paragraph\">2.2.3. Obligation d&rsquo;audition et droit d&rsquo;\u00eatre entendu (critique) : \u00e9tant donn\u00e9 que le retrait de la nuisance porte effectivement atteinte aux biens ou \u00e0 l&rsquo;activit\u00e9 du d\u00e9tenteur, la municipalit\u00e9 est tenue de lui accorder une pleine opportunit\u00e9 de pr\u00e9senter ses arguments (audition) avant l&rsquo;ex\u00e9cution physique de l&rsquo;\u00e9vacuation. Des vices dans la proc\u00e9dure d&rsquo;audition peuvent entra\u00eener l&rsquo;annulation de l&rsquo;action par le tribunal. <\/p>\n\n<p class=\"wp-block-paragraph\">2.2.4. Ex\u00e9cution directe et imputation des co\u00fbts : dans la mesure o\u00f9 l&rsquo;occupant ill\u00e9gal ne se retire pas apr\u00e8s l&rsquo;avertissement et l&rsquo;audition, la municipalit\u00e9 est habilit\u00e9e \u00e0 d\u00e9molir ou \u00e0 retirer l&rsquo;obstacle elle-m\u00eame, et \u00e0 imputer \u00e0 l&rsquo;occupant ill\u00e9gal l&rsquo;int\u00e9gralit\u00e9 des co\u00fbts d&rsquo;ex\u00e9cution en vertu de l&rsquo;article 255 de l&rsquo;ordonnance.<\/p>\n\n<h2 class=\"wp-block-heading\">2.3. Les preuves \u00e0 pr\u00e9senter dans cette proc\u00e9dure<\/h2>\n\n<p class=\"wp-block-paragraph\">2.3.1. Preuves attestant que le terrain en question constitue une \u00ab rue \u00bb ou un passage public relevant de la responsabilit\u00e9 et de la surveillance de la municipalit\u00e9.<\/p>\n\n<p class=\"wp-block-paragraph\">2.3.2. Rapport r\u00e9dig\u00e9 et sign\u00e9 par un inspecteur municipal, accompagn\u00e9 de photographies claires de l&rsquo;obstruction ou de l&rsquo;occupation ill\u00e9gale, et d&rsquo;un plan d\u00e9montrant comment la nuisance g\u00eane ou bloque le passage libre du public.<\/p>\n\n<h2 class=\"wp-block-heading\">2.4. La comp\u00e9tence mat\u00e9rielle et les voies de contestation de la d\u00e9cision<\/h2>\n\n<p class=\"wp-block-paragraph\">2.4.1. Dans la mesure o\u00f9 l&rsquo;occupant ill\u00e9gal ou la personne l\u00e9s\u00e9e souhaite emp\u00eacher la municipalit\u00e9 d&rsquo;effectuer le retrait de l&rsquo;obstacle, la voie juridique qui s&rsquo;offre \u00e0 lui est le d\u00e9p\u00f4t d&rsquo;un recours administratif.<\/p>\n\n<p class=\"wp-block-paragraph\">2.4.2. La comp\u00e9tence mat\u00e9rielle pour statuer sur les recours administratifs contre les d\u00e9cisions municipales est attribu\u00e9e exclusivement au tribunal des affaires administratives (le tribunal de district si\u00e9geant en tant que tribunal des affaires administratives dans le district concern\u00e9).<\/p>\n\n<h1 class=\"wp-block-heading\">3. La voie administrative B : ordonnance d&rsquo;\u00e9vacuation administrative en vertu de la loi sur les terrains publics<\/h1>\n\n<h2 class=\"wp-block-heading\">3.1. Le fondement juridique et la d\u00e9finition de la comp\u00e9tence<\/h2>\n\n<p class=\"wp-block-paragraph\">3.1.1. La loi sur les terrains publics (\u00e9vacuation de terrain), 5741-1981, conf\u00e8re aux autorit\u00e9s locales une comp\u00e9tence publique exceptionnelle de recours administratif direct. La loi habilite le \u00ab responsable \u00bb \u00e0 \u00e9mettre une ordonnance d&rsquo;\u00e9vacuation administrative ordonnant l&rsquo;expulsion d&rsquo;un occupant ill\u00e9gal de terrains publics sans saisine pr\u00e9alable des instances judiciaires.<\/p>\n\n<p class=\"wp-block-paragraph\">3.1.2. L&rsquo;article 1 de la loi d\u00e9finit express\u00e9ment les \u00ab terrains publics \u00bb comme incluant les terrains de l&rsquo;\u00c9tat ainsi que \u00ab les terrains d&rsquo;une autorit\u00e9 locale \u00bb. Par cons\u00e9quent, cet outil administratif puissant s&rsquo;applique pleinement \u00e0 tous les terrains de la municipalit\u00e9. <\/p>\n\n<h2 class=\"wp-block-heading\">3.2. \u00c9l\u00e9ments de preuve et conditions pr\u00e9alables \u00e0 l&rsquo;application de la loi<\/h2>\n\n<p class=\"wp-block-paragraph\">3.2.1. Occupation ill\u00e9gale : le responsable (pour les terrains de la municipalit\u00e9, le responsable est le maire conjointement avec le conseiller juridique de celle-ci) est convaincu qu&rsquo;une personne d\u00e9tient les terrains publics sans droit l\u00e9gal ni autorisation.<\/p>\n\n<p class=\"wp-block-paragraph\">3.2.2. Rapport \u00e9crit d&rsquo;un inspecteur : existence d&rsquo;un compte rendu d\u00e9taill\u00e9 par \u00e9crit d&rsquo;un inspecteur d\u00fbment nomm\u00e9, confirmant qu&rsquo;il s&rsquo;est rendu personnellement sur place et a v\u00e9rifi\u00e9 les faits de l&rsquo;occupation ill\u00e9gale.<\/p>\n\n<p class=\"wp-block-paragraph\">3.2.3. Octroi du droit d&rsquo;\u00eatre entendu et audition : le responsable est tenu de donner \u00e0 l&rsquo;occupant une opportunit\u00e9 appropri\u00e9e de pr\u00e9senter ses arguments avant de prendre la d\u00e9cision d&rsquo;\u00e9mettre l&rsquo;ordonnance.<\/p>\n\n<p class=\"wp-block-paragraph\">3.2.4. Description du terrain et publication de l&rsquo;ordonnance : l&rsquo;ordonnance doit comporter une description claire des limites du terrain, des points de rep\u00e8re ou une carte, et dans la mesure o\u00f9 le terrain est enregistr\u00e9 \u2014 un extrait du registre foncier y sera annex\u00e9.<\/p>\n\n<h2 class=\"wp-block-heading\">3.3. D\u00e9lais l\u00e9gaux rigides et stricts (condition imp\u00e9rative)<\/h2>\n\n<p class=\"wp-block-paragraph\">3.3.1. D\u00e9lai d&rsquo;\u00e9mission de l&rsquo;ordonnance : l&rsquo;ordonnance administrative doit \u00eatre \u00e9mise dans un d\u00e9lai de six mois \u00e0 compter du jour o\u00f9 le responsable a pris connaissance du caract\u00e8re ill\u00e9gal de l&rsquo;occupation, et en tout \u00e9tat de cause au plus tard 36 mois \u00e0 compter du jour de l&rsquo;occupation effective (l&rsquo;occupation ill\u00e9gale). L&rsquo;expiration de ces d\u00e9lais prive totalement la comp\u00e9tence administrative d&rsquo;\u00e9mettre l&rsquo;ordonnance. <\/p>\n\n<p class=\"wp-block-paragraph\">3.3.2. D\u00e9lai d&rsquo;ex\u00e9cution de l&rsquo;ordonnance : si le d\u00e9lai d&rsquo;\u00e9vacuation fix\u00e9 dans l&rsquo;ordonnance est expir\u00e9 et que l&rsquo;occupant ill\u00e9gal ne s&rsquo;est pas retir\u00e9, la municipalit\u00e9 doit ex\u00e9cuter l&rsquo;ordonnance (avec l&rsquo;approbation de son conseiller juridique) dans un d\u00e9lai maximum de soixante jours \u00e0 compter de la date d&rsquo;\u00e9vacuation indiqu\u00e9e dans l&rsquo;ordonnance. L&rsquo;expiration de 60 jours sans ex\u00e9cution entra\u00eene la caducit\u00e9 de l&rsquo;ordonnance. <\/p>\n\n<h2 class=\"wp-block-heading\">3.4. La comp\u00e9tence mat\u00e9rielle et la contestation de l&rsquo;ordonnance<\/h2>\n\n<p class=\"wp-block-paragraph\">3.4.1. R\u00e9gime sp\u00e9cifique de contestation de l&rsquo;ordonnance : le l\u00e9gislateur a \u00e9tabli \u00e0 l&rsquo;article 5b de la loi sur les terrains publics que toute personne s&rsquo;estimant l\u00e9s\u00e9e par l&rsquo;ordonnance d&rsquo;\u00e9vacuation peut saisir le tribunal de premi\u00e8re instance du district dans lequel se trouvent les terrains.<\/p>\n\n<p class=\"wp-block-paragraph\">3.4.2. La comp\u00e9tence pour statuer sur une demande d&rsquo;annulation de l&rsquo;ordonnance ou de suspension de son ex\u00e9cution est attribu\u00e9e au tribunal de premi\u00e8re instance (et non au tribunal des affaires administratives). Le d\u00e9p\u00f4t de la demande aupr\u00e8s du tribunal ne suspend pas automatiquement l&rsquo;ex\u00e9cution de l&rsquo;ordonnance, sauf si le tribunal en a ordonn\u00e9 ainsi express\u00e9ment. <\/p>\n\n<h2 class=\"wp-block-heading\">3.5. Restriction substantielle majeure : la doctrine Ben Simhon<\/h2>\n\n<p class=\"wp-block-paragraph\">3.5.1. Jurisprudence \u00e9tablie et directive (Cour supr\u00eame si\u00e9geant en Haute Cour de justice Ben Simhon) : compte tenu du caract\u00e8re unilat\u00e9ral et drastique de l&rsquo;ordonnance administrative, permettant \u00e0 l&rsquo;autorit\u00e9 d&rsquo;expulser une personne sans proc\u00e8s pr\u00e9alable, il a \u00e9t\u00e9 \u00e9tabli que l&rsquo;utilisation de cet outil est limit\u00e9e aux cas exceptionnels et \u00e9vidents d&rsquo;occupation \u00ab r\u00e9cente \u00bb et manifeste, dans lesquels il n&rsquo;existe aucun doute que l&rsquo;occupant n&rsquo;a aucun droit sur le terrain.<\/p>\n\n<p class=\"wp-block-paragraph\">3.5.2. Lorsqu&rsquo;il existe un diff\u00e9rend de propri\u00e9t\u00e9 complexe ou sinc\u00e8re concernant les droits sur le terrain, il est interdit \u00e0 la municipalit\u00e9 d&rsquo;utiliser une ordonnance administrative, et elle doit recourir uniquement \u00e0 la voie civile devant le tribunal.<\/p>\n\n<h1 class=\"wp-block-heading\">4. La voie civile : action en \u00e9vacuation et expulsion devant les tribunaux<\/h1>\n\n<h2 class=\"wp-block-heading\">4.1. Le fondement juridique et les \u00e9l\u00e9ments de l&rsquo;action civile<\/h2>\n\n<p class=\"wp-block-paragraph\">4.1.1. La voie civile repose sur le droit du propri\u00e9taire d&rsquo;un terrain de prot\u00e9ger sa propri\u00e9t\u00e9. Le fondement juridique est ancr\u00e9 dans l&rsquo;article 16 de la loi sur les biens immobiliers, 5729-1969, qui \u00e9tablit que le propri\u00e9taire d&rsquo;un terrain ou toute personne ayant le droit de le d\u00e9tenir l\u00e9galement est en droit d&rsquo;exiger la remise du terrain de quiconque le d\u00e9tient ill\u00e9galement, ainsi que dans l&rsquo;article 29 de l&rsquo;ordonnance sur les d\u00e9lits concernant le d\u00e9lit de violation de propri\u00e9t\u00e9 immobili\u00e8re. <\/p>\n\n<h2 class=\"wp-block-heading\">4.2. Les \u00e9l\u00e9ments que la municipalit\u00e9 doit prouver dans l&rsquo;action<\/h2>\n\n<p class=\"wp-block-paragraph\">4.2.1. Droit de propri\u00e9t\u00e9 ou d\u00e9tention l\u00e9gale : la municipalit\u00e9 doit prouver qu&rsquo;elle d\u00e9tient les droits substantiels sur le terrain en question (par exemple, des terrains enregistr\u00e9s au nom de la municipalit\u00e9 au registre foncier ou expropri\u00e9s en sa faveur l\u00e9galement).<\/p>\n\n<p class=\"wp-block-paragraph\">4.2.2. D\u00e9tention ill\u00e9gale de la part du d\u00e9fendeur : preuve factuelle que le d\u00e9fendeur a occup\u00e9 le terrain ou le d\u00e9tient sans droit l\u00e9gal.<\/p>\n\n<p class=\"wp-block-paragraph\">4.2.3. Transfert de la charge de la preuve : d\u00e8s que la municipalit\u00e9 prouve son droit de propri\u00e9t\u00e9 ou sa d\u00e9tention l\u00e9gale du terrain, la charge de la preuve est transf\u00e9r\u00e9e au d\u00e9fendeur\/occupant ill\u00e9gal. Il lui incombe de d\u00e9montrer et de prouver qu&rsquo;il dispose d&rsquo;un droit l\u00e9gal, d&rsquo;un contrat de location, d&rsquo;une licence ou d&rsquo;une autorisation valide pour continuer \u00e0 d\u00e9tenir le bien. S&rsquo;il \u00e9choue, le tribunal accueillera l&rsquo;action et ordonnera son \u00e9vacuation.  <\/p>\n\n<h2 class=\"wp-block-heading\">4.3. Les preuves \u00e0 pr\u00e9senter au tribunal<\/h2>\n\n<p class=\"wp-block-paragraph\">4.3.1. Preuves de propri\u00e9t\u00e9 : extrait actualis\u00e9 du registre foncier, plan d&rsquo;enregistrement ou ordonnance d&rsquo;expropriation attestant des droits de la municipalit\u00e9 sur le terrain.<\/p>\n\n<p class=\"wp-block-paragraph\">4.3.2. Preuves factuelles et mesures : plans de mesure sign\u00e9s par un g\u00e9om\u00e8tre agr\u00e9\u00e9 illustrant la superficie exacte de l&rsquo;occupation ill\u00e9gale, rapport d&rsquo;inspecteur accompagn\u00e9 de photographies de l&rsquo;occupant ill\u00e9gal d\u00e9tenant effectivement le terrain, et t\u00e9moignages des agents de surveillance.<\/p>\n\n<h2 class=\"wp-block-heading\">4.4. La comp\u00e9tence mat\u00e9rielle pour statuer sur l&rsquo;action civile<\/h2>\n\n<p class=\"wp-block-paragraph\">4.4.1. La comp\u00e9tence mat\u00e9rielle pour statuer sur les actions concernant la d\u00e9tention, l&rsquo;usage ou le partage de terrains (y compris les actions en \u00e9vacuation et expulsion, ind\u00e9pendamment de la valeur des terrains en question) est attribu\u00e9e exclusivement au tribunal de premi\u00e8re instance du district dans lequel se trouve le bien, conform\u00e9ment \u00e0 l&rsquo;article 51(a)(3) de la loi sur les tribunaux.<\/p>\n\n<h1 class=\"wp-block-heading\">5. Analyse des aspects complexes et optimisation strat\u00e9gique<\/h1>\n\n<h2 class=\"wp-block-heading\">5.1. Strat\u00e9gie de choix des voies et impact du temps<\/h2>\n\n<p class=\"wp-block-paragraph\">5.1.1. La date de l&rsquo;occupation ill\u00e9gale comme param\u00e8tre d\u00e9cisif : la date de l&rsquo;occupation ill\u00e9gale (la prise de possession) d\u00e9termine quelles voies sont ouvertes \u00e0 l&rsquo;autorit\u00e9. S&rsquo;il s&rsquo;agit d&rsquo;une occupation historique pour laquelle 36 mois se sont \u00e9coul\u00e9s, la municipalit\u00e9 est totalement emp\u00each\u00e9e d&rsquo;utiliser une ordonnance administrative selon la loi sur les terrains publics, et elle doit choisir entre d\u00e9poser une action civile devant le tribunal (voie longue) ou retirer la nuisance selon l&rsquo;article 235 de l&rsquo;ordonnance sur les municipalit\u00e9s (sous r\u00e9serve du respect int\u00e9gral des r\u00e8gles du droit administratif). <\/p>\n\n<h2 class=\"wp-block-heading\">5.2. Le droit d&rsquo;audition comme \u00ab immunit\u00e9 \u00bb administrative contre l&rsquo;annulation par les tribunaux<\/h2>\n\n<p class=\"wp-block-paragraph\">5.2.1. La tenue d&rsquo;une audition r\u00e9guli\u00e8re n&rsquo;est pas seulement une exigence technique, mais un \u00ab bouclier juridique \u00bb prot\u00e9geant l&rsquo;action de la municipalit\u00e9. La jurisprudence \u00e9tablit que m\u00eame s&rsquo;il s&rsquo;agit d&rsquo;un occupant ill\u00e9gal manifeste n&rsquo;ayant aucun droit sur le terrain, une d\u00e9cision administrative de la municipalit\u00e9 de l&rsquo;expulser sans notification pr\u00e9alable et droit d&rsquo;\u00eatre entendu (audition) peut \u00eatre annul\u00e9e par les tribunaux uniquement en raison de ce vice dans la proc\u00e9dure administrative. <\/p>\n","protected":false},"excerpt":{"rendered":"<p>1. Introduction et contexte g\u00e9n\u00e9ral : la lutte pour l&rsquo;espace public 1.1. Pr\u00e9ambule : quand l&rsquo;espace public devient priv\u00e9 1.1.1. Le trottoir et la voie publique appartiennent \u00e0 l&rsquo;ensemble du public. Ils sont destin\u00e9s \u00e0 permettre un passage libre, s\u00fbr et accessible \u00e0 tout citoyen. Lorsqu&rsquo;une entit\u00e9 priv\u00e9e s&rsquo;approprie une partie de la voie publique \u2014 que ce soit en [&hellip;]<\/p>\n","protected":false},"author":2,"featured_media":0,"comment_status":"open","ping_status":"open","sticky":false,"template":"","format":"standard","meta":{"_acf_changed":false,"_et_pb_use_builder":"off","_et_pb_old_content":"","_et_gb_content_width":"","footnotes":""},"categories":[72,79],"tags":[],"class_list":["post-2500","post","type-post","status-publish","format-standard","hentry","category-dernieres-mises-a-jour","category-immobilier"],"acf":[],"yoast_head":"<!-- This site is optimized with the Yoast SEO plugin v28.3 - https:\/\/yoast.com\/product\/yoast-seo-wordpress\/ -->\n<title>Voies de recours d&#039;une autorit\u00e9 locale contre une occupation ill\u00e9gale de la voie publique - \u05e7\u05e0\u05d8\u05d5\u05e8 \u05d5\u05e9\u05d5\u05ea&#039; \u05de\u05e9\u05e8\u05d3 \u05e2\u05d5\u05e8\u05db\u05d9 \u05d3\u05d9\u05df \u05d5\u05e0\u05d5\u05d8\u05e8\u05d9\u05d5\u05e0\u05d9\u05dd<\/title>\n<meta name=\"robots\" content=\"index, follow, max-snippet:-1, max-image-preview:large, max-video-preview:-1\" \/>\n<link rel=\"canonical\" href=\"https:\/\/cantorlaw.biz\/fr\/voies-de-recours-dune-autorite-locale-contre-une-occupation-illegale-de-la-voie-publique\/\" \/>\n<meta property=\"og:locale\" content=\"fr_FR\" \/>\n<meta property=\"og:type\" content=\"article\" \/>\n<meta property=\"og:title\" content=\"Voies de recours d&#039;une autorit\u00e9 locale contre une occupation ill\u00e9gale de la voie publique - \u05e7\u05e0\u05d8\u05d5\u05e8 \u05d5\u05e9\u05d5\u05ea&#039; \u05de\u05e9\u05e8\u05d3 \u05e2\u05d5\u05e8\u05db\u05d9 \u05d3\u05d9\u05df \u05d5\u05e0\u05d5\u05d8\u05e8\u05d9\u05d5\u05e0\u05d9\u05dd\" \/>\n<meta property=\"og:description\" content=\"1. Introduction et contexte g\u00e9n\u00e9ral : la lutte pour l&rsquo;espace public 1.1. Pr\u00e9ambule : quand l&rsquo;espace public devient priv\u00e9 1.1.1. Le trottoir et la voie publique appartiennent \u00e0 l&rsquo;ensemble du public. Ils sont destin\u00e9s \u00e0 permettre un passage libre, s\u00fbr et accessible \u00e0 tout citoyen. Lorsqu&rsquo;une entit\u00e9 priv\u00e9e s&rsquo;approprie une partie de la voie publique \u2014 que ce soit en [&hellip;]\" \/>\n<meta property=\"og:url\" content=\"https:\/\/cantorlaw.biz\/fr\/voies-de-recours-dune-autorite-locale-contre-une-occupation-illegale-de-la-voie-publique\/\" \/>\n<meta property=\"og:site_name\" content=\"\u05e7\u05e0\u05d8\u05d5\u05e8 \u05d5\u05e9\u05d5\u05ea&#039; \u05de\u05e9\u05e8\u05d3 \u05e2\u05d5\u05e8\u05db\u05d9 \u05d3\u05d9\u05df \u05d5\u05e0\u05d5\u05d8\u05e8\u05d9\u05d5\u05e0\u05d9\u05dd\" \/>\n<meta property=\"article:published_time\" content=\"2026-08-25T14:15:18+00:00\" \/>\n<meta property=\"article:modified_time\" content=\"2026-08-31T12:57:35+00:00\" \/>\n<meta name=\"author\" content=\"David Cantor\" \/>\n<meta name=\"twitter:card\" content=\"summary_large_image\" \/>\n<meta name=\"twitter:label1\" content=\"\u00c9crit par\" \/>\n\t<meta name=\"twitter:data1\" content=\"David Cantor\" \/>\n\t<meta name=\"twitter:label2\" content=\"Dur\u00e9e de lecture estim\u00e9e\" \/>\n\t<meta name=\"twitter:data2\" content=\"11 minutes\" \/>\n<script type=\"application\/ld+json\" class=\"yoast-schema-graph\">{\"@context\":\"https:\\\/\\\/schema.org\",\"@graph\":[{\"@type\":\"Article\",\"@id\":\"https:\\\/\\\/cantorlaw.biz\\\/fr\\\/voies-de-recours-dune-autorite-locale-contre-une-occupation-illegale-de-la-voie-publique\\\/#article\",\"isPartOf\":{\"@id\":\"https:\\\/\\\/cantorlaw.biz\\\/fr\\\/voies-de-recours-dune-autorite-locale-contre-une-occupation-illegale-de-la-voie-publique\\\/\"},\"author\":{\"name\":\"David Cantor\",\"@id\":\"https:\\\/\\\/cantorlaw.biz\\\/fr\\\/#\\\/schema\\\/person\\\/0405d7346ca029191e6dc822ee997660\"},\"headline\":\"Voies de recours d&rsquo;une autorit\u00e9 locale contre une occupation ill\u00e9gale de la voie publique\",\"datePublished\":\"2026-08-25T14:15:18+00:00\",\"dateModified\":\"2026-08-31T12:57:35+00:00\",\"mainEntityOfPage\":{\"@id\":\"https:\\\/\\\/cantorlaw.biz\\\/fr\\\/voies-de-recours-dune-autorite-locale-contre-une-occupation-illegale-de-la-voie-publique\\\/\"},\"wordCount\":2280,\"commentCount\":0,\"articleSection\":[\"Derni\u00e8res mises \u00e0 jour\",\"Immobilier\"],\"inLanguage\":\"fr-FR\",\"potentialAction\":[{\"@type\":\"CommentAction\",\"name\":\"Comment\",\"target\":[\"https:\\\/\\\/cantorlaw.biz\\\/fr\\\/voies-de-recours-dune-autorite-locale-contre-une-occupation-illegale-de-la-voie-publique\\\/#respond\"]}]},{\"@type\":\"WebPage\",\"@id\":\"https:\\\/\\\/cantorlaw.biz\\\/fr\\\/voies-de-recours-dune-autorite-locale-contre-une-occupation-illegale-de-la-voie-publique\\\/\",\"url\":\"https:\\\/\\\/cantorlaw.biz\\\/fr\\\/voies-de-recours-dune-autorite-locale-contre-une-occupation-illegale-de-la-voie-publique\\\/\",\"name\":\"Voies de recours d'une autorit\u00e9 locale contre une occupation ill\u00e9gale de la voie publique - \u05e7\u05e0\u05d8\u05d5\u05e8 \u05d5\u05e9\u05d5\u05ea&#039; \u05de\u05e9\u05e8\u05d3 \u05e2\u05d5\u05e8\u05db\u05d9 \u05d3\u05d9\u05df \u05d5\u05e0\u05d5\u05d8\u05e8\u05d9\u05d5\u05e0\u05d9\u05dd\",\"isPartOf\":{\"@id\":\"https:\\\/\\\/cantorlaw.biz\\\/fr\\\/#website\"},\"datePublished\":\"2026-08-25T14:15:18+00:00\",\"dateModified\":\"2026-08-31T12:57:35+00:00\",\"author\":{\"@id\":\"https:\\\/\\\/cantorlaw.biz\\\/fr\\\/#\\\/schema\\\/person\\\/0405d7346ca029191e6dc822ee997660\"},\"breadcrumb\":{\"@id\":\"https:\\\/\\\/cantorlaw.biz\\\/fr\\\/voies-de-recours-dune-autorite-locale-contre-une-occupation-illegale-de-la-voie-publique\\\/#breadcrumb\"},\"inLanguage\":\"fr-FR\",\"potentialAction\":[{\"@type\":\"ReadAction\",\"target\":[\"https:\\\/\\\/cantorlaw.biz\\\/fr\\\/voies-de-recours-dune-autorite-locale-contre-une-occupation-illegale-de-la-voie-publique\\\/\"]}]},{\"@type\":\"BreadcrumbList\",\"@id\":\"https:\\\/\\\/cantorlaw.biz\\\/fr\\\/voies-de-recours-dune-autorite-locale-contre-une-occupation-illegale-de-la-voie-publique\\\/#breadcrumb\",\"itemListElement\":[{\"@type\":\"ListItem\",\"position\":1,\"name\":\"\u05d3\u05e3 \u05d4\u05d1\u05d9\u05ea\",\"item\":\"https:\\\/\\\/cantorlaw.biz\\\/fr\\\/accueil\\\/\"},{\"@type\":\"ListItem\",\"position\":2,\"name\":\"Voies de recours d&rsquo;une autorit\u00e9 locale contre une occupation ill\u00e9gale de la voie publique\"}]},{\"@type\":\"WebSite\",\"@id\":\"https:\\\/\\\/cantorlaw.biz\\\/fr\\\/#website\",\"url\":\"https:\\\/\\\/cantorlaw.biz\\\/fr\\\/\",\"name\":\"\u05e7\u05e0\u05d8\u05d5\u05e8 \u05d5\u05e9\u05d5\u05ea&#039; \u05de\u05e9\u05e8\u05d3 \u05e2\u05d5\u05e8\u05db\u05d9 \u05d3\u05d9\u05df \u05d5\u05e0\u05d5\u05d8\u05e8\u05d9\u05d5\u05e0\u05d9\u05dd\",\"description\":\"\u05de\u05e9\u05e8\u05d3 \u05e2\u05d5\u05e8\u05db\u05d9 \u05d3\u05d9\u05df \u05d5\u05e0\u05d5\u05d8\u05e8\u05d9\u05d5\u05e0\u05d9\u05dd\",\"potentialAction\":[{\"@type\":\"SearchAction\",\"target\":{\"@type\":\"EntryPoint\",\"urlTemplate\":\"https:\\\/\\\/cantorlaw.biz\\\/fr\\\/?s={search_term_string}\"},\"query-input\":{\"@type\":\"PropertyValueSpecification\",\"valueRequired\":true,\"valueName\":\"search_term_string\"}}],\"inLanguage\":\"fr-FR\"},{\"@type\":\"Person\",\"@id\":\"https:\\\/\\\/cantorlaw.biz\\\/fr\\\/#\\\/schema\\\/person\\\/0405d7346ca029191e6dc822ee997660\",\"name\":\"David Cantor\",\"image\":{\"@type\":\"ImageObject\",\"inLanguage\":\"fr-FR\",\"@id\":\"https:\\\/\\\/secure.gravatar.com\\\/avatar\\\/2f98000018a67314f722baefb5d6a00239ef45aed910af42ef11feb97133dd0c?s=96&d=mm&r=g\",\"url\":\"https:\\\/\\\/secure.gravatar.com\\\/avatar\\\/2f98000018a67314f722baefb5d6a00239ef45aed910af42ef11feb97133dd0c?s=96&d=mm&r=g\",\"contentUrl\":\"https:\\\/\\\/secure.gravatar.com\\\/avatar\\\/2f98000018a67314f722baefb5d6a00239ef45aed910af42ef11feb97133dd0c?s=96&d=mm&r=g\",\"caption\":\"David Cantor\"},\"url\":\"https:\\\/\\\/cantorlaw.biz\\\/fr\\\/author\\\/cantor\\\/\"}]}<\/script>\n<!-- \/ Yoast SEO plugin. -->","yoast_head_json":{"title":"Voies de recours d'une autorit\u00e9 locale contre une occupation ill\u00e9gale de la voie publique - \u05e7\u05e0\u05d8\u05d5\u05e8 \u05d5\u05e9\u05d5\u05ea&#039; \u05de\u05e9\u05e8\u05d3 \u05e2\u05d5\u05e8\u05db\u05d9 \u05d3\u05d9\u05df \u05d5\u05e0\u05d5\u05d8\u05e8\u05d9\u05d5\u05e0\u05d9\u05dd","robots":{"index":"index","follow":"follow","max-snippet":"max-snippet:-1","max-image-preview":"max-image-preview:large","max-video-preview":"max-video-preview:-1"},"canonical":"https:\/\/cantorlaw.biz\/fr\/voies-de-recours-dune-autorite-locale-contre-une-occupation-illegale-de-la-voie-publique\/","og_locale":"fr_FR","og_type":"article","og_title":"Voies de recours d'une autorit\u00e9 locale contre une occupation ill\u00e9gale de la voie publique - \u05e7\u05e0\u05d8\u05d5\u05e8 \u05d5\u05e9\u05d5\u05ea&#039; \u05de\u05e9\u05e8\u05d3 \u05e2\u05d5\u05e8\u05db\u05d9 \u05d3\u05d9\u05df \u05d5\u05e0\u05d5\u05d8\u05e8\u05d9\u05d5\u05e0\u05d9\u05dd","og_description":"1. Introduction et contexte g\u00e9n\u00e9ral : la lutte pour l&rsquo;espace public 1.1. Pr\u00e9ambule : quand l&rsquo;espace public devient priv\u00e9 1.1.1. Le trottoir et la voie publique appartiennent \u00e0 l&rsquo;ensemble du public. Ils sont destin\u00e9s \u00e0 permettre un passage libre, s\u00fbr et accessible \u00e0 tout citoyen. Lorsqu&rsquo;une entit\u00e9 priv\u00e9e s&rsquo;approprie une partie de la voie publique \u2014 que ce soit en [&hellip;]","og_url":"https:\/\/cantorlaw.biz\/fr\/voies-de-recours-dune-autorite-locale-contre-une-occupation-illegale-de-la-voie-publique\/","og_site_name":"\u05e7\u05e0\u05d8\u05d5\u05e8 \u05d5\u05e9\u05d5\u05ea&#039; \u05de\u05e9\u05e8\u05d3 \u05e2\u05d5\u05e8\u05db\u05d9 \u05d3\u05d9\u05df \u05d5\u05e0\u05d5\u05d8\u05e8\u05d9\u05d5\u05e0\u05d9\u05dd","article_published_time":"2026-08-25T14:15:18+00:00","article_modified_time":"2026-08-31T12:57:35+00:00","author":"David Cantor","twitter_card":"summary_large_image","twitter_misc":{"\u00c9crit par":"David Cantor","Dur\u00e9e de lecture estim\u00e9e":"11 minutes"},"schema":{"@context":"https:\/\/schema.org","@graph":[{"@type":"Article","@id":"https:\/\/cantorlaw.biz\/fr\/voies-de-recours-dune-autorite-locale-contre-une-occupation-illegale-de-la-voie-publique\/#article","isPartOf":{"@id":"https:\/\/cantorlaw.biz\/fr\/voies-de-recours-dune-autorite-locale-contre-une-occupation-illegale-de-la-voie-publique\/"},"author":{"name":"David Cantor","@id":"https:\/\/cantorlaw.biz\/fr\/#\/schema\/person\/0405d7346ca029191e6dc822ee997660"},"headline":"Voies de recours d&rsquo;une autorit\u00e9 locale contre une occupation ill\u00e9gale de la voie publique","datePublished":"2026-08-25T14:15:18+00:00","dateModified":"2026-08-31T12:57:35+00:00","mainEntityOfPage":{"@id":"https:\/\/cantorlaw.biz\/fr\/voies-de-recours-dune-autorite-locale-contre-une-occupation-illegale-de-la-voie-publique\/"},"wordCount":2280,"commentCount":0,"articleSection":["Derni\u00e8res mises \u00e0 jour","Immobilier"],"inLanguage":"fr-FR","potentialAction":[{"@type":"CommentAction","name":"Comment","target":["https:\/\/cantorlaw.biz\/fr\/voies-de-recours-dune-autorite-locale-contre-une-occupation-illegale-de-la-voie-publique\/#respond"]}]},{"@type":"WebPage","@id":"https:\/\/cantorlaw.biz\/fr\/voies-de-recours-dune-autorite-locale-contre-une-occupation-illegale-de-la-voie-publique\/","url":"https:\/\/cantorlaw.biz\/fr\/voies-de-recours-dune-autorite-locale-contre-une-occupation-illegale-de-la-voie-publique\/","name":"Voies de recours d'une autorit\u00e9 locale contre une occupation ill\u00e9gale de la voie publique - \u05e7\u05e0\u05d8\u05d5\u05e8 \u05d5\u05e9\u05d5\u05ea&#039; \u05de\u05e9\u05e8\u05d3 \u05e2\u05d5\u05e8\u05db\u05d9 \u05d3\u05d9\u05df \u05d5\u05e0\u05d5\u05d8\u05e8\u05d9\u05d5\u05e0\u05d9\u05dd","isPartOf":{"@id":"https:\/\/cantorlaw.biz\/fr\/#website"},"datePublished":"2026-08-25T14:15:18+00:00","dateModified":"2026-08-31T12:57:35+00:00","author":{"@id":"https:\/\/cantorlaw.biz\/fr\/#\/schema\/person\/0405d7346ca029191e6dc822ee997660"},"breadcrumb":{"@id":"https:\/\/cantorlaw.biz\/fr\/voies-de-recours-dune-autorite-locale-contre-une-occupation-illegale-de-la-voie-publique\/#breadcrumb"},"inLanguage":"fr-FR","potentialAction":[{"@type":"ReadAction","target":["https:\/\/cantorlaw.biz\/fr\/voies-de-recours-dune-autorite-locale-contre-une-occupation-illegale-de-la-voie-publique\/"]}]},{"@type":"BreadcrumbList","@id":"https:\/\/cantorlaw.biz\/fr\/voies-de-recours-dune-autorite-locale-contre-une-occupation-illegale-de-la-voie-publique\/#breadcrumb","itemListElement":[{"@type":"ListItem","position":1,"name":"\u05d3\u05e3 \u05d4\u05d1\u05d9\u05ea","item":"https:\/\/cantorlaw.biz\/fr\/accueil\/"},{"@type":"ListItem","position":2,"name":"Voies de recours d&rsquo;une autorit\u00e9 locale contre une occupation ill\u00e9gale de la voie publique"}]},{"@type":"WebSite","@id":"https:\/\/cantorlaw.biz\/fr\/#website","url":"https:\/\/cantorlaw.biz\/fr\/","name":"\u05e7\u05e0\u05d8\u05d5\u05e8 \u05d5\u05e9\u05d5\u05ea&#039; \u05de\u05e9\u05e8\u05d3 \u05e2\u05d5\u05e8\u05db\u05d9 \u05d3\u05d9\u05df \u05d5\u05e0\u05d5\u05d8\u05e8\u05d9\u05d5\u05e0\u05d9\u05dd","description":"\u05de\u05e9\u05e8\u05d3 \u05e2\u05d5\u05e8\u05db\u05d9 \u05d3\u05d9\u05df \u05d5\u05e0\u05d5\u05d8\u05e8\u05d9\u05d5\u05e0\u05d9\u05dd","potentialAction":[{"@type":"SearchAction","target":{"@type":"EntryPoint","urlTemplate":"https:\/\/cantorlaw.biz\/fr\/?s={search_term_string}"},"query-input":{"@type":"PropertyValueSpecification","valueRequired":true,"valueName":"search_term_string"}}],"inLanguage":"fr-FR"},{"@type":"Person","@id":"https:\/\/cantorlaw.biz\/fr\/#\/schema\/person\/0405d7346ca029191e6dc822ee997660","name":"David Cantor","image":{"@type":"ImageObject","inLanguage":"fr-FR","@id":"https:\/\/secure.gravatar.com\/avatar\/2f98000018a67314f722baefb5d6a00239ef45aed910af42ef11feb97133dd0c?s=96&d=mm&r=g","url":"https:\/\/secure.gravatar.com\/avatar\/2f98000018a67314f722baefb5d6a00239ef45aed910af42ef11feb97133dd0c?s=96&d=mm&r=g","contentUrl":"https:\/\/secure.gravatar.com\/avatar\/2f98000018a67314f722baefb5d6a00239ef45aed910af42ef11feb97133dd0c?s=96&d=mm&r=g","caption":"David Cantor"},"url":"https:\/\/cantorlaw.biz\/fr\/author\/cantor\/"}]}},"_links":{"self":[{"href":"https:\/\/cantorlaw.biz\/fr\/wp-json\/wp\/v2\/posts\/2500","targetHints":{"allow":["GET"]}}],"collection":[{"href":"https:\/\/cantorlaw.biz\/fr\/wp-json\/wp\/v2\/posts"}],"about":[{"href":"https:\/\/cantorlaw.biz\/fr\/wp-json\/wp\/v2\/types\/post"}],"author":[{"embeddable":true,"href":"https:\/\/cantorlaw.biz\/fr\/wp-json\/wp\/v2\/users\/2"}],"replies":[{"embeddable":true,"href":"https:\/\/cantorlaw.biz\/fr\/wp-json\/wp\/v2\/comments?post=2500"}],"version-history":[{"count":0,"href":"https:\/\/cantorlaw.biz\/fr\/wp-json\/wp\/v2\/posts\/2500\/revisions"}],"wp:attachment":[{"href":"https:\/\/cantorlaw.biz\/fr\/wp-json\/wp\/v2\/media?parent=2500"}],"wp:term":[{"taxonomy":"category","embeddable":true,"href":"https:\/\/cantorlaw.biz\/fr\/wp-json\/wp\/v2\/categories?post=2500"},{"taxonomy":"post_tag","embeddable":true,"href":"https:\/\/cantorlaw.biz\/fr\/wp-json\/wp\/v2\/tags?post=2500"}],"curies":[{"name":"wp","href":"https:\/\/api.w.org\/{rel}","templated":true}]}}