{"id":2503,"date":"2026-08-25T06:40:57","date_gmt":"2026-08-25T06:40:57","guid":{"rendered":"https:\/\/cantorlaw.biz\/droits-dauteur-sur-les-photographies-dans-les-salles-de-reception-a-qui-appartiennent-les-photos-du-mariage-ou-de-la-seance-photo-commerciale\/"},"modified":"2026-08-31T13:43:25","modified_gmt":"2026-08-31T13:43:25","slug":"droits-dauteur-sur-les-photographies-dans-les-salles-de-reception-a-qui-appartiennent-les-photos-du-mariage-ou-de-la-seance-photo-commerciale","status":"publish","type":"post","link":"https:\/\/cantorlaw.biz\/fr\/droits-dauteur-sur-les-photographies-dans-les-salles-de-reception-a-qui-appartiennent-les-photos-du-mariage-ou-de-la-seance-photo-commerciale\/","title":{"rendered":"Droits d&rsquo;auteur sur les photographies dans les salles de r\u00e9ception : \u00e0 qui appartiennent les photos du mariage ou de la s\u00e9ance photo commerciale ?"},"content":{"rendered":"\n<p class=\"wp-block-paragraph\">Qui est r\u00e9ellement propri\u00e9taire des photographies prises lors de votre \u00e9v\u00e9nement ? D\u00e9couvrez la diff\u00e9rence fondamentale entre la photographie de mariage priv\u00e9e et les s\u00e9ances photo commerciales dans les salles de r\u00e9ception, et comment la loi sur le droit d&rsquo;auteur prot\u00e8ge les photographes, les propri\u00e9taires de lieux et les clients. <\/p>\n\n<h1 class=\"wp-block-heading\">Introduction : le pi\u00e8ge cach\u00e9 du monde de la photographie<\/h1>\n\n<ul class=\"wp-block-list\">\n<li>Beaucoup d&rsquo;entre nous sont convaincus que si nous avons pay\u00e9 de notre poche les services d&rsquo;un photographe professionnel, ou si nous sommes les propri\u00e9taires enregistr\u00e9s d&rsquo;une salle de r\u00e9ception magnifiquement am\u00e9nag\u00e9e, les photographies prises sur place nous appartiennent automatiquement.<\/li>\n\n\n\n<li>Dans la r\u00e9alit\u00e9 juridique isra\u00e9lienne, il s&rsquo;agit d&rsquo;une erreur courante et tr\u00e8s co\u00fbteuse. La loi sur le droit d&rsquo;auteur stipule qu&rsquo;une photographie est consid\u00e9r\u00e9e comme une \u00ab \u0153uvre artistique \u00bb prot\u00e9g\u00e9e par la loi, et elle en attribue la propri\u00e9t\u00e9 de mani\u00e8re totalement diff\u00e9rente selon la nature de l&rsquo;\u00e9v\u00e9nement \u2014 s&rsquo;agit-il d&rsquo;un \u00e9v\u00e9nement priv\u00e9 et familial, ou d&rsquo;une s\u00e9ance photo commerciale. <\/li>\n\n\n\n<li>Afin de clarifier la situation et d&rsquo;\u00e9viter des d\u00e9sagr\u00e9ments et des litiges juridiques inutiles, nous avons rassembl\u00e9 pour vous tout ce qu&rsquo;il faut savoir sur la r\u00e9partition des droits sur les photographies dans les salles de r\u00e9ception et les lieux d&rsquo;accueil.<\/li>\n<\/ul>\n\n<h1 class=\"wp-block-heading\">La r\u00e8gle de base : celui qui cr\u00e9e est propri\u00e9taire (m\u00eame si le lieu vous appartient !)<\/h1>\n\n<ul class=\"wp-block-list\">\n<li><strong>La loi sur le droit d&rsquo;auteur \u00e9tablit une r\u00e8gle claire<\/strong><strong> :<\/strong> le premier propri\u00e9taire du droit d&rsquo;auteur sur une photographie est le photographe lui-m\u00eame \u2014 c&rsquo;est-\u00e0-dire la personne physique qui a effectu\u00e9 l&rsquo;acte de photographier, choisi l&rsquo;angle, l&rsquo;\u00e9clairage et la composition artistique.<\/li>\n\n\n\n<li><strong>La propri\u00e9t\u00e9 physique n&rsquo;\u00e9quivaut pas \u00e0 la propri\u00e9t\u00e9 intellectuelle<\/strong><strong> :<\/strong> les propri\u00e9taires de salles de r\u00e9ception et de salles ont tendance \u00e0 penser que puisque le lieu, le mobilier design et les coins photog\u00e9niques leur appartiennent, ils ont automatiquement le droit d&rsquo;utiliser les photographies prises sur leur propri\u00e9t\u00e9.<\/li>\n\n\n\n<li><strong>Qu&rsquo;a d\u00e9cid\u00e9 le tribunal<\/strong><strong> ?<\/strong> Dans l&rsquo;affaire <em>Amir Avrishamtzi c. Yitzhak Playev<\/em>, il a \u00e9t\u00e9 pr\u00e9cis\u00e9 qu&rsquo;une photographie professionnelle de la fa\u00e7ade d&rsquo;une salle de r\u00e9ception appartient au photographe qui l&rsquo;a document\u00e9e. Le tribunal a statu\u00e9 que les propri\u00e9taires de la salle ne peuvent pas faire un usage commercial de la photographie sans l&rsquo;autorisation expresse du photographe, et que la propri\u00e9t\u00e9 physique d&rsquo;un bien ne conf\u00e8re pas de droits d&rsquo;auteur sur les photographies de celui-ci. <\/li>\n<\/ul>\n\n<h1 class=\"wp-block-heading\">La distinction centrale : \u00e9v\u00e9nement priv\u00e9 versus production commerciale<\/h1>\n\n<p class=\"wp-block-paragraph\">La loi sur le droit d&rsquo;auteur \u00e9tablit une s\u00e9paration fondamentale et tr\u00e8s importante entre deux types de productions qui se d\u00e9roulent dans les salles de r\u00e9ception :<\/p>\n\n<h2 class=\"wp-block-heading\">\u00c9v\u00e9nements priv\u00e9s et familiaux (mariages, bar-mitsva, demandes en mariage)<\/h2>\n\n<ul class=\"wp-block-list\">\n<li><strong>La r\u00e8gle par d\u00e9faut de la loi (article 35(b))<\/strong><strong> :<\/strong> lorsqu&rsquo;il s&rsquo;agit d&rsquo;une \u0153uvre command\u00e9e pour un \u00e9v\u00e9nement familial ou priv\u00e9 (comme des photographies de couples pour des mariages ou des demandes en mariage), la loi stipule que <strong>le premier propri\u00e9taire des droits d&rsquo;auteur est le commanditaire<\/strong> (c&rsquo;est-\u00e0-dire les conjoints ou les organisateurs de la c\u00e9l\u00e9bration), sauf convention contraire \u00e9crite entre eux et le photographe.<\/li>\n\n\n\n<li><strong>L&rsquo;importance du contrat \u00e9crit<\/strong><strong> :<\/strong> les tribunaux appliquent cette r\u00e8gle avec rigueur. Dans l&rsquo;arr\u00eat <em>Tsur Lisbona c. Roy Peretz<\/em>, il a \u00e9t\u00e9 \u00e9tabli que les photographies d&rsquo;une demande en mariage priv\u00e9e appartiennent enti\u00e8rement aux conjoints et non au photographe qui les a document\u00e9es, et que le photographe ne dispose que d&rsquo;une licence d&rsquo;utilisation limit\u00e9e pour les pr\u00e9senter dans son portfolio. <\/li>\n\n\n\n<li><strong>Rejet des r\u00e9clamations des photographes en l&rsquo;absence de contrat<\/strong><strong> :<\/strong> dans l&rsquo;affaire <em>Yadin Hasson c. Ohad Eitan Nuri<\/em>, la r\u00e9clamation financi\u00e8re de photographes de mariage contre un salon de mari\u00e9es qui avait publi\u00e9 des photos d&rsquo;une mari\u00e9e sur Instagram a \u00e9t\u00e9 rejet\u00e9e, car les photographes n&rsquo;ont pas pr\u00e9sent\u00e9 de contrat \u00e9crit avec le couple prouvant que la propri\u00e9t\u00e9 leur \u00e9tait rest\u00e9e acquise, et par cons\u00e9quent les droits d&rsquo;auteur appartenaient au couple.<\/li>\n\n\n\n<li><strong>Exception importante pour une situation spontan\u00e9e<\/strong><strong> :<\/strong> la protection de l&rsquo;\u00e9v\u00e9nement priv\u00e9 ne s&rsquo;applique que lorsqu&rsquo;il s&rsquo;agit d&rsquo;une commande personnelle d&rsquo;un \u00e9v\u00e9nement d\u00e9fini \u00e0 l&rsquo;avance. Dans l&rsquo;affaire <em>Keiki Kfar Blum c. Tsouk Manara<\/em>, le tribunal a pr\u00e9cis\u00e9 qu&rsquo;une photographie al\u00e9atoire et spontan\u00e9e prise sur un site touristique n&rsquo;est pas consid\u00e9r\u00e9e comme une \u00ab photographie d&rsquo;\u00e9v\u00e9nement priv\u00e9 command\u00e9e \u00bb, et les droits d&rsquo;auteur restent entre les mains de l&rsquo;entit\u00e9 photographiante (ou de son employeur). <\/li>\n<\/ul>\n\n<h2 class=\"wp-block-heading\">Productions et photographies commerciales (photographies de catalogue, relations publiques, films et reportages)<\/h2>\n\n<ul class=\"wp-block-list\">\n<li><strong>La r\u00e8gle par d\u00e9faut de la loi (article 35(a))<\/strong><strong> :<\/strong> contrairement aux \u00e9v\u00e9nements priv\u00e9s, lorsqu&rsquo;il s&rsquo;agit d&rsquo;une photographie command\u00e9e \u00e0 caract\u00e8re commercial (comme la photographie de meubles dans la salle de r\u00e9ception, des photographies de mode ou la photographie d&rsquo;un reportage journalistique), <strong>la propri\u00e9t\u00e9 initiale des droits d&rsquo;auteur reste entre les mains du photographe<\/strong>.<\/li>\n\n\n\n<li><strong>L&rsquo;obligation de le formaliser par \u00e9crit<\/strong><strong> :<\/strong> si le commanditaire du travail commercial souhaite que la propri\u00e9t\u00e9 des photographies lui soit transf\u00e9r\u00e9e, il doit l&rsquo;ancrer dans un contrat \u00e9crit et sign\u00e9.<\/li>\n\n\n\n<li>Dans l&rsquo;arr\u00eat <em>Assaf Ronen c. David Azoulay<\/em>, il a \u00e9t\u00e9 \u00e9tabli que les droits d&rsquo;auteur sur des photographies commerciales de morceaux de viande sont rest\u00e9s entre les mains du photographe, car aucun contrat de transfert des droits n&rsquo;avait \u00e9t\u00e9 sign\u00e9, et l&rsquo;utilisateur commercial a \u00e9t\u00e9 condamn\u00e9 \u00e0 des dommages-int\u00e9r\u00eats importants pour utilisation sans autorisation.<\/li>\n<\/ul>\n\n<h2 class=\"wp-block-heading\">Le droit moral : le droit perp\u00e9tuel du photographe \u00e0 recevoir un cr\u00e9dit<\/h2>\n\n<ul class=\"wp-block-list\">\n<li><strong>Qu&rsquo;est-ce que le droit moral<\/strong><strong> ?<\/strong> Outre le droit \u00e9conomique d&rsquo;utiliser la photographie, il existe un concept juridique tr\u00e8s puissant appel\u00e9 \u00ab droit moral \u00bb. Ce droit repose sur la conception que l&rsquo;\u0153uvre fait partie de la personnalit\u00e9 et de l&rsquo;\u00e2me du cr\u00e9ateur. <\/li>\n\n\n\n<li><strong>Le droit de recevoir un cr\u00e9dit (droit d&rsquo;attribution)<\/strong><strong> :<\/strong> la loi stipule que le cr\u00e9ateur de l&rsquo;\u0153uvre a un droit absolu \u00e0 ce que son nom soit mentionn\u00e9 sur son \u0153uvre de la mani\u00e8re et dans la mesure appropri\u00e9es.<\/li>\n\n\n\n<li><strong>Il est impossible de le transf\u00e9rer<\/strong><strong> :<\/strong> contrairement aux droits \u00e9conomiques qui peuvent \u00eatre vendus, le droit moral reste toujours celui du photographe original.<\/li>\n\n\n\n<li><strong>Qu&rsquo;a d\u00e9cid\u00e9 la Cour supr\u00eame<\/strong><strong> ?<\/strong> Dans l&rsquo;arr\u00eat <em>Ephraim Sharir c. Nirit Zera&rsquo;im Ltd.<\/em>, la Cour supr\u00eame a \u00e9tabli sans \u00e9quivoque que m\u00eame s&rsquo;il existe une pratique dans l&rsquo;industrie de ne pas accorder de cr\u00e9dit aux photographes dans les publicit\u00e9s commerciales, cette pratique ne l&#8217;emporte pas sur la loi, et il convient d&rsquo;accorder au photographe un cr\u00e9dit appropri\u00e9 et respectueux.<\/li>\n\n\n\n<li><strong>La signification pratique<\/strong><strong> :<\/strong> m\u00eame si la salle de r\u00e9ception ou le client a obtenu le droit l\u00e9gal d&rsquo;utiliser les photographies, ils doivent veiller \u00e0 accorder un cr\u00e9dit clair au photographe qui les a prises, sinon ils s&rsquo;exposent \u00e0 une r\u00e9clamation financi\u00e8re pour violation du droit moral.<\/li>\n<\/ul>\n\n<h1 class=\"wp-block-heading\">Comment pr\u00e9venir les litiges ? Guide d&rsquo;or pour les propri\u00e9taires de salles de r\u00e9ception et les producteurs <\/h1>\n\n<p class=\"wp-block-paragraph\">Afin de prot\u00e9ger votre lieu et de garantir un contr\u00f4le total sur ce qui s&rsquo;y passe, il est recommand\u00e9 de mettre en \u0153uvre les mesures suivantes :<\/p>\n\n<ul class=\"wp-block-list\">\n<li><strong>Faites signer un \u00ab contrat d&rsquo;autorisation de tournage<\/strong><strong> \u00bb (Location Agreement) <\/strong><strong>\u00e0 l&rsquo;avance<\/strong><strong> :<\/strong> ne permettez \u00e0 aucune entit\u00e9 commerciale d&rsquo;entrer pour photographier sur le lieu sans un contrat sign\u00e9 r\u00e9gissant les droits sur les productions.<\/li>\n\n\n\n<li><strong>Assurez votre image de marque et votre cr\u00e9dit<\/strong><strong> :<\/strong> d\u00e9finissez dans le contrat que le lieu a droit \u00e0 un cr\u00e9dit pr\u00e9cis et complet dans toute publication des photographies (par exemple : \u00ab Photographi\u00e9 \u00e0 l&rsquo;\u00c9cole d&rsquo;excellence culinaire de Galil\u00e9e \u00bb et non sous des noms g\u00e9n\u00e9riques et trompeurs).<\/li>\n\n\n\n<li><strong>Exigez une licence d&rsquo;utilisation r\u00e9ciproque gratuite<\/strong><strong> :<\/strong> stipulez dans le contrat que bien que le client reste propri\u00e9taire des photographies, il accorde \u00e0 la salle de r\u00e9ception une licence d&rsquo;utilisation illimit\u00e9e, sans frais, pour utiliser les photographies \u00e0 des fins de marketing et de relations publiques du lieu.<\/li>\n\n\n\n<li><strong>Prot\u00e9gez la propri\u00e9t\u00e9 et exigez une assurance<\/strong><strong> :<\/strong> assurez-vous que le contrat comprend l&rsquo;obligation de d\u00e9poser une caution pour les dommages physiques au mobilier design et \u00e0 la v\u00e9g\u00e9tation, ainsi que l&rsquo;obligation de pr\u00e9senter une police d&rsquo;assurance responsabilit\u00e9 civile valide avec une clause de renonciation au droit de recours subrogatoire de la compagnie d&rsquo;assurance contre vous.<\/li>\n<\/ul>\n\n<p class=\"wp-block-paragraph\"><em>L&rsquo;article a \u00e9t\u00e9 r\u00e9dig\u00e9 et pr\u00e9par\u00e9 \u00e0 des fins d&rsquo;information g\u00e9n\u00e9rale uniquement par <strong>Cantor &amp; Associ\u00e9s Cabinet d&rsquo;avocats et de notaires<\/strong> et ne constitue pas un substitut \u00e0 un conseil juridique personnalis\u00e9<\/em><em>.<\/em><\/p>\n","protected":false},"excerpt":{"rendered":"<p>Qui est r\u00e9ellement propri\u00e9taire des photographies prises lors de votre \u00e9v\u00e9nement ? D\u00e9couvrez la diff\u00e9rence fondamentale entre la photographie de mariage priv\u00e9e et les s\u00e9ances photo commerciales dans les salles de r\u00e9ception, et comment la loi sur le droit d&rsquo;auteur prot\u00e8ge les photographes, les propri\u00e9taires de lieux et les clients. Introduction : le pi\u00e8ge cach\u00e9 du monde de la photographie [&hellip;]<\/p>\n","protected":false},"author":2,"featured_media":0,"comment_status":"open","ping_status":"open","sticky":false,"template":"","format":"standard","meta":{"_acf_changed":false,"_et_pb_use_builder":"off","_et_pb_old_content":"","_et_gb_content_width":"","footnotes":""},"categories":[72,78],"tags":[],"class_list":["post-2503","post","type-post","status-publish","format-standard","hentry","category-dernieres-mises-a-jour","category-droits-dauteur"],"acf":[],"yoast_head":"<!-- This site is optimized with the Yoast SEO plugin v28.3 - https:\/\/yoast.com\/product\/yoast-seo-wordpress\/ -->\n<title>Droits d&#039;auteur sur les photographies dans les salles de r\u00e9ception : \u00e0 qui appartiennent les photos du mariage ou de la s\u00e9ance photo commerciale ? - \u05e7\u05e0\u05d8\u05d5\u05e8 \u05d5\u05e9\u05d5\u05ea&#039; \u05de\u05e9\u05e8\u05d3 \u05e2\u05d5\u05e8\u05db\u05d9 \u05d3\u05d9\u05df \u05d5\u05e0\u05d5\u05d8\u05e8\u05d9\u05d5\u05e0\u05d9\u05dd<\/title>\n<meta name=\"robots\" content=\"index, follow, max-snippet:-1, max-image-preview:large, max-video-preview:-1\" \/>\n<link rel=\"canonical\" href=\"https:\/\/cantorlaw.biz\/fr\/droits-dauteur-sur-les-photographies-dans-les-salles-de-reception-a-qui-appartiennent-les-photos-du-mariage-ou-de-la-seance-photo-commerciale\/\" \/>\n<meta property=\"og:locale\" content=\"fr_FR\" \/>\n<meta property=\"og:type\" content=\"article\" \/>\n<meta property=\"og:title\" content=\"Droits d&#039;auteur sur les photographies dans les salles de r\u00e9ception : \u00e0 qui appartiennent les photos du mariage ou de la s\u00e9ance photo commerciale ? - \u05e7\u05e0\u05d8\u05d5\u05e8 \u05d5\u05e9\u05d5\u05ea&#039; \u05de\u05e9\u05e8\u05d3 \u05e2\u05d5\u05e8\u05db\u05d9 \u05d3\u05d9\u05df \u05d5\u05e0\u05d5\u05d8\u05e8\u05d9\u05d5\u05e0\u05d9\u05dd\" \/>\n<meta property=\"og:description\" content=\"Qui est r\u00e9ellement propri\u00e9taire des photographies prises lors de votre \u00e9v\u00e9nement ? D\u00e9couvrez la diff\u00e9rence fondamentale entre la photographie de mariage priv\u00e9e et les s\u00e9ances photo commerciales dans les salles de r\u00e9ception, et comment la loi sur le droit d&rsquo;auteur prot\u00e8ge les photographes, les propri\u00e9taires de lieux et les clients. Introduction : le pi\u00e8ge cach\u00e9 du monde de la photographie [&hellip;]\" \/>\n<meta property=\"og:url\" content=\"https:\/\/cantorlaw.biz\/fr\/droits-dauteur-sur-les-photographies-dans-les-salles-de-reception-a-qui-appartiennent-les-photos-du-mariage-ou-de-la-seance-photo-commerciale\/\" \/>\n<meta property=\"og:site_name\" content=\"\u05e7\u05e0\u05d8\u05d5\u05e8 \u05d5\u05e9\u05d5\u05ea&#039; \u05de\u05e9\u05e8\u05d3 \u05e2\u05d5\u05e8\u05db\u05d9 \u05d3\u05d9\u05df \u05d5\u05e0\u05d5\u05d8\u05e8\u05d9\u05d5\u05e0\u05d9\u05dd\" \/>\n<meta property=\"article:published_time\" content=\"2026-08-25T06:40:57+00:00\" \/>\n<meta property=\"article:modified_time\" content=\"2026-08-31T13:43:25+00:00\" \/>\n<meta name=\"author\" content=\"David Cantor\" \/>\n<meta name=\"twitter:card\" content=\"summary_large_image\" \/>\n<meta name=\"twitter:label1\" content=\"\u00c9crit par\" \/>\n\t<meta name=\"twitter:data1\" content=\"David Cantor\" \/>\n\t<meta name=\"twitter:label2\" content=\"Dur\u00e9e de lecture estim\u00e9e\" \/>\n\t<meta name=\"twitter:data2\" content=\"7 minutes\" \/>\n<script type=\"application\/ld+json\" class=\"yoast-schema-graph\">{\"@context\":\"https:\\\/\\\/schema.org\",\"@graph\":[{\"@type\":\"Article\",\"@id\":\"https:\\\/\\\/cantorlaw.biz\\\/fr\\\/droits-dauteur-sur-les-photographies-dans-les-salles-de-reception-a-qui-appartiennent-les-photos-du-mariage-ou-de-la-seance-photo-commerciale\\\/#article\",\"isPartOf\":{\"@id\":\"https:\\\/\\\/cantorlaw.biz\\\/fr\\\/droits-dauteur-sur-les-photographies-dans-les-salles-de-reception-a-qui-appartiennent-les-photos-du-mariage-ou-de-la-seance-photo-commerciale\\\/\"},\"author\":{\"name\":\"David Cantor\",\"@id\":\"https:\\\/\\\/cantorlaw.biz\\\/fr\\\/#\\\/schema\\\/person\\\/0405d7346ca029191e6dc822ee997660\"},\"headline\":\"Droits d&rsquo;auteur sur les photographies dans les salles de r\u00e9ception : \u00e0 qui appartiennent les photos du mariage ou de la s\u00e9ance photo commerciale ?\",\"datePublished\":\"2026-08-25T06:40:57+00:00\",\"dateModified\":\"2026-08-31T13:43:25+00:00\",\"mainEntityOfPage\":{\"@id\":\"https:\\\/\\\/cantorlaw.biz\\\/fr\\\/droits-dauteur-sur-les-photographies-dans-les-salles-de-reception-a-qui-appartiennent-les-photos-du-mariage-ou-de-la-seance-photo-commerciale\\\/\"},\"wordCount\":1573,\"commentCount\":0,\"articleSection\":[\"Derni\u00e8res mises \u00e0 jour\",\"Droits d'auteur\"],\"inLanguage\":\"fr-FR\",\"potentialAction\":[{\"@type\":\"CommentAction\",\"name\":\"Comment\",\"target\":[\"https:\\\/\\\/cantorlaw.biz\\\/fr\\\/droits-dauteur-sur-les-photographies-dans-les-salles-de-reception-a-qui-appartiennent-les-photos-du-mariage-ou-de-la-seance-photo-commerciale\\\/#respond\"]}]},{\"@type\":\"WebPage\",\"@id\":\"https:\\\/\\\/cantorlaw.biz\\\/fr\\\/droits-dauteur-sur-les-photographies-dans-les-salles-de-reception-a-qui-appartiennent-les-photos-du-mariage-ou-de-la-seance-photo-commerciale\\\/\",\"url\":\"https:\\\/\\\/cantorlaw.biz\\\/fr\\\/droits-dauteur-sur-les-photographies-dans-les-salles-de-reception-a-qui-appartiennent-les-photos-du-mariage-ou-de-la-seance-photo-commerciale\\\/\",\"name\":\"Droits d'auteur sur les photographies dans les salles de r\u00e9ception : \u00e0 qui appartiennent les photos du mariage ou de la s\u00e9ance photo commerciale ? - \u05e7\u05e0\u05d8\u05d5\u05e8 \u05d5\u05e9\u05d5\u05ea&#039; \u05de\u05e9\u05e8\u05d3 \u05e2\u05d5\u05e8\u05db\u05d9 \u05d3\u05d9\u05df \u05d5\u05e0\u05d5\u05d8\u05e8\u05d9\u05d5\u05e0\u05d9\u05dd\",\"isPartOf\":{\"@id\":\"https:\\\/\\\/cantorlaw.biz\\\/fr\\\/#website\"},\"datePublished\":\"2026-08-25T06:40:57+00:00\",\"dateModified\":\"2026-08-31T13:43:25+00:00\",\"author\":{\"@id\":\"https:\\\/\\\/cantorlaw.biz\\\/fr\\\/#\\\/schema\\\/person\\\/0405d7346ca029191e6dc822ee997660\"},\"breadcrumb\":{\"@id\":\"https:\\\/\\\/cantorlaw.biz\\\/fr\\\/droits-dauteur-sur-les-photographies-dans-les-salles-de-reception-a-qui-appartiennent-les-photos-du-mariage-ou-de-la-seance-photo-commerciale\\\/#breadcrumb\"},\"inLanguage\":\"fr-FR\",\"potentialAction\":[{\"@type\":\"ReadAction\",\"target\":[\"https:\\\/\\\/cantorlaw.biz\\\/fr\\\/droits-dauteur-sur-les-photographies-dans-les-salles-de-reception-a-qui-appartiennent-les-photos-du-mariage-ou-de-la-seance-photo-commerciale\\\/\"]}]},{\"@type\":\"BreadcrumbList\",\"@id\":\"https:\\\/\\\/cantorlaw.biz\\\/fr\\\/droits-dauteur-sur-les-photographies-dans-les-salles-de-reception-a-qui-appartiennent-les-photos-du-mariage-ou-de-la-seance-photo-commerciale\\\/#breadcrumb\",\"itemListElement\":[{\"@type\":\"ListItem\",\"position\":1,\"name\":\"\u05d3\u05e3 \u05d4\u05d1\u05d9\u05ea\",\"item\":\"https:\\\/\\\/cantorlaw.biz\\\/fr\\\/accueil\\\/\"},{\"@type\":\"ListItem\",\"position\":2,\"name\":\"Droits d&rsquo;auteur sur les photographies dans les salles de r\u00e9ception : \u00e0 qui appartiennent les photos du mariage ou de la s\u00e9ance photo commerciale ?\"}]},{\"@type\":\"WebSite\",\"@id\":\"https:\\\/\\\/cantorlaw.biz\\\/fr\\\/#website\",\"url\":\"https:\\\/\\\/cantorlaw.biz\\\/fr\\\/\",\"name\":\"\u05e7\u05e0\u05d8\u05d5\u05e8 \u05d5\u05e9\u05d5\u05ea&#039; \u05de\u05e9\u05e8\u05d3 \u05e2\u05d5\u05e8\u05db\u05d9 \u05d3\u05d9\u05df \u05d5\u05e0\u05d5\u05d8\u05e8\u05d9\u05d5\u05e0\u05d9\u05dd\",\"description\":\"\u05de\u05e9\u05e8\u05d3 \u05e2\u05d5\u05e8\u05db\u05d9 \u05d3\u05d9\u05df \u05d5\u05e0\u05d5\u05d8\u05e8\u05d9\u05d5\u05e0\u05d9\u05dd\",\"potentialAction\":[{\"@type\":\"SearchAction\",\"target\":{\"@type\":\"EntryPoint\",\"urlTemplate\":\"https:\\\/\\\/cantorlaw.biz\\\/fr\\\/?s={search_term_string}\"},\"query-input\":{\"@type\":\"PropertyValueSpecification\",\"valueRequired\":true,\"valueName\":\"search_term_string\"}}],\"inLanguage\":\"fr-FR\"},{\"@type\":\"Person\",\"@id\":\"https:\\\/\\\/cantorlaw.biz\\\/fr\\\/#\\\/schema\\\/person\\\/0405d7346ca029191e6dc822ee997660\",\"name\":\"David Cantor\",\"image\":{\"@type\":\"ImageObject\",\"inLanguage\":\"fr-FR\",\"@id\":\"https:\\\/\\\/secure.gravatar.com\\\/avatar\\\/2f98000018a67314f722baefb5d6a00239ef45aed910af42ef11feb97133dd0c?s=96&d=mm&r=g\",\"url\":\"https:\\\/\\\/secure.gravatar.com\\\/avatar\\\/2f98000018a67314f722baefb5d6a00239ef45aed910af42ef11feb97133dd0c?s=96&d=mm&r=g\",\"contentUrl\":\"https:\\\/\\\/secure.gravatar.com\\\/avatar\\\/2f98000018a67314f722baefb5d6a00239ef45aed910af42ef11feb97133dd0c?s=96&d=mm&r=g\",\"caption\":\"David Cantor\"},\"url\":\"https:\\\/\\\/cantorlaw.biz\\\/fr\\\/author\\\/cantor\\\/\"}]}<\/script>\n<!-- \/ Yoast SEO plugin. -->","yoast_head_json":{"title":"Droits d'auteur sur les photographies dans les salles de r\u00e9ception : \u00e0 qui appartiennent les photos du mariage ou de la s\u00e9ance photo commerciale ? - \u05e7\u05e0\u05d8\u05d5\u05e8 \u05d5\u05e9\u05d5\u05ea&#039; \u05de\u05e9\u05e8\u05d3 \u05e2\u05d5\u05e8\u05db\u05d9 \u05d3\u05d9\u05df \u05d5\u05e0\u05d5\u05d8\u05e8\u05d9\u05d5\u05e0\u05d9\u05dd","robots":{"index":"index","follow":"follow","max-snippet":"max-snippet:-1","max-image-preview":"max-image-preview:large","max-video-preview":"max-video-preview:-1"},"canonical":"https:\/\/cantorlaw.biz\/fr\/droits-dauteur-sur-les-photographies-dans-les-salles-de-reception-a-qui-appartiennent-les-photos-du-mariage-ou-de-la-seance-photo-commerciale\/","og_locale":"fr_FR","og_type":"article","og_title":"Droits d'auteur sur les photographies dans les salles de r\u00e9ception : \u00e0 qui appartiennent les photos du mariage ou de la s\u00e9ance photo commerciale ? - \u05e7\u05e0\u05d8\u05d5\u05e8 \u05d5\u05e9\u05d5\u05ea&#039; \u05de\u05e9\u05e8\u05d3 \u05e2\u05d5\u05e8\u05db\u05d9 \u05d3\u05d9\u05df \u05d5\u05e0\u05d5\u05d8\u05e8\u05d9\u05d5\u05e0\u05d9\u05dd","og_description":"Qui est r\u00e9ellement propri\u00e9taire des photographies prises lors de votre \u00e9v\u00e9nement ? D\u00e9couvrez la diff\u00e9rence fondamentale entre la photographie de mariage priv\u00e9e et les s\u00e9ances photo commerciales dans les salles de r\u00e9ception, et comment la loi sur le droit d&rsquo;auteur prot\u00e8ge les photographes, les propri\u00e9taires de lieux et les clients. Introduction : le pi\u00e8ge cach\u00e9 du monde de la photographie [&hellip;]","og_url":"https:\/\/cantorlaw.biz\/fr\/droits-dauteur-sur-les-photographies-dans-les-salles-de-reception-a-qui-appartiennent-les-photos-du-mariage-ou-de-la-seance-photo-commerciale\/","og_site_name":"\u05e7\u05e0\u05d8\u05d5\u05e8 \u05d5\u05e9\u05d5\u05ea&#039; \u05de\u05e9\u05e8\u05d3 \u05e2\u05d5\u05e8\u05db\u05d9 \u05d3\u05d9\u05df \u05d5\u05e0\u05d5\u05d8\u05e8\u05d9\u05d5\u05e0\u05d9\u05dd","article_published_time":"2026-08-25T06:40:57+00:00","article_modified_time":"2026-08-31T13:43:25+00:00","author":"David Cantor","twitter_card":"summary_large_image","twitter_misc":{"\u00c9crit par":"David Cantor","Dur\u00e9e de lecture estim\u00e9e":"7 minutes"},"schema":{"@context":"https:\/\/schema.org","@graph":[{"@type":"Article","@id":"https:\/\/cantorlaw.biz\/fr\/droits-dauteur-sur-les-photographies-dans-les-salles-de-reception-a-qui-appartiennent-les-photos-du-mariage-ou-de-la-seance-photo-commerciale\/#article","isPartOf":{"@id":"https:\/\/cantorlaw.biz\/fr\/droits-dauteur-sur-les-photographies-dans-les-salles-de-reception-a-qui-appartiennent-les-photos-du-mariage-ou-de-la-seance-photo-commerciale\/"},"author":{"name":"David Cantor","@id":"https:\/\/cantorlaw.biz\/fr\/#\/schema\/person\/0405d7346ca029191e6dc822ee997660"},"headline":"Droits d&rsquo;auteur sur les photographies dans les salles de r\u00e9ception : \u00e0 qui appartiennent les photos du mariage ou de la s\u00e9ance photo commerciale ?","datePublished":"2026-08-25T06:40:57+00:00","dateModified":"2026-08-31T13:43:25+00:00","mainEntityOfPage":{"@id":"https:\/\/cantorlaw.biz\/fr\/droits-dauteur-sur-les-photographies-dans-les-salles-de-reception-a-qui-appartiennent-les-photos-du-mariage-ou-de-la-seance-photo-commerciale\/"},"wordCount":1573,"commentCount":0,"articleSection":["Derni\u00e8res mises \u00e0 jour","Droits d'auteur"],"inLanguage":"fr-FR","potentialAction":[{"@type":"CommentAction","name":"Comment","target":["https:\/\/cantorlaw.biz\/fr\/droits-dauteur-sur-les-photographies-dans-les-salles-de-reception-a-qui-appartiennent-les-photos-du-mariage-ou-de-la-seance-photo-commerciale\/#respond"]}]},{"@type":"WebPage","@id":"https:\/\/cantorlaw.biz\/fr\/droits-dauteur-sur-les-photographies-dans-les-salles-de-reception-a-qui-appartiennent-les-photos-du-mariage-ou-de-la-seance-photo-commerciale\/","url":"https:\/\/cantorlaw.biz\/fr\/droits-dauteur-sur-les-photographies-dans-les-salles-de-reception-a-qui-appartiennent-les-photos-du-mariage-ou-de-la-seance-photo-commerciale\/","name":"Droits d'auteur sur les photographies dans les salles de r\u00e9ception : \u00e0 qui appartiennent les photos du mariage ou de la s\u00e9ance photo commerciale ? - \u05e7\u05e0\u05d8\u05d5\u05e8 \u05d5\u05e9\u05d5\u05ea&#039; \u05de\u05e9\u05e8\u05d3 \u05e2\u05d5\u05e8\u05db\u05d9 \u05d3\u05d9\u05df \u05d5\u05e0\u05d5\u05d8\u05e8\u05d9\u05d5\u05e0\u05d9\u05dd","isPartOf":{"@id":"https:\/\/cantorlaw.biz\/fr\/#website"},"datePublished":"2026-08-25T06:40:57+00:00","dateModified":"2026-08-31T13:43:25+00:00","author":{"@id":"https:\/\/cantorlaw.biz\/fr\/#\/schema\/person\/0405d7346ca029191e6dc822ee997660"},"breadcrumb":{"@id":"https:\/\/cantorlaw.biz\/fr\/droits-dauteur-sur-les-photographies-dans-les-salles-de-reception-a-qui-appartiennent-les-photos-du-mariage-ou-de-la-seance-photo-commerciale\/#breadcrumb"},"inLanguage":"fr-FR","potentialAction":[{"@type":"ReadAction","target":["https:\/\/cantorlaw.biz\/fr\/droits-dauteur-sur-les-photographies-dans-les-salles-de-reception-a-qui-appartiennent-les-photos-du-mariage-ou-de-la-seance-photo-commerciale\/"]}]},{"@type":"BreadcrumbList","@id":"https:\/\/cantorlaw.biz\/fr\/droits-dauteur-sur-les-photographies-dans-les-salles-de-reception-a-qui-appartiennent-les-photos-du-mariage-ou-de-la-seance-photo-commerciale\/#breadcrumb","itemListElement":[{"@type":"ListItem","position":1,"name":"\u05d3\u05e3 \u05d4\u05d1\u05d9\u05ea","item":"https:\/\/cantorlaw.biz\/fr\/accueil\/"},{"@type":"ListItem","position":2,"name":"Droits d&rsquo;auteur sur les photographies dans les salles de r\u00e9ception : \u00e0 qui appartiennent les photos du mariage ou de la s\u00e9ance photo commerciale ?"}]},{"@type":"WebSite","@id":"https:\/\/cantorlaw.biz\/fr\/#website","url":"https:\/\/cantorlaw.biz\/fr\/","name":"\u05e7\u05e0\u05d8\u05d5\u05e8 \u05d5\u05e9\u05d5\u05ea&#039; \u05de\u05e9\u05e8\u05d3 \u05e2\u05d5\u05e8\u05db\u05d9 \u05d3\u05d9\u05df \u05d5\u05e0\u05d5\u05d8\u05e8\u05d9\u05d5\u05e0\u05d9\u05dd","description":"\u05de\u05e9\u05e8\u05d3 \u05e2\u05d5\u05e8\u05db\u05d9 \u05d3\u05d9\u05df \u05d5\u05e0\u05d5\u05d8\u05e8\u05d9\u05d5\u05e0\u05d9\u05dd","potentialAction":[{"@type":"SearchAction","target":{"@type":"EntryPoint","urlTemplate":"https:\/\/cantorlaw.biz\/fr\/?s={search_term_string}"},"query-input":{"@type":"PropertyValueSpecification","valueRequired":true,"valueName":"search_term_string"}}],"inLanguage":"fr-FR"},{"@type":"Person","@id":"https:\/\/cantorlaw.biz\/fr\/#\/schema\/person\/0405d7346ca029191e6dc822ee997660","name":"David Cantor","image":{"@type":"ImageObject","inLanguage":"fr-FR","@id":"https:\/\/secure.gravatar.com\/avatar\/2f98000018a67314f722baefb5d6a00239ef45aed910af42ef11feb97133dd0c?s=96&d=mm&r=g","url":"https:\/\/secure.gravatar.com\/avatar\/2f98000018a67314f722baefb5d6a00239ef45aed910af42ef11feb97133dd0c?s=96&d=mm&r=g","contentUrl":"https:\/\/secure.gravatar.com\/avatar\/2f98000018a67314f722baefb5d6a00239ef45aed910af42ef11feb97133dd0c?s=96&d=mm&r=g","caption":"David Cantor"},"url":"https:\/\/cantorlaw.biz\/fr\/author\/cantor\/"}]}},"_links":{"self":[{"href":"https:\/\/cantorlaw.biz\/fr\/wp-json\/wp\/v2\/posts\/2503","targetHints":{"allow":["GET"]}}],"collection":[{"href":"https:\/\/cantorlaw.biz\/fr\/wp-json\/wp\/v2\/posts"}],"about":[{"href":"https:\/\/cantorlaw.biz\/fr\/wp-json\/wp\/v2\/types\/post"}],"author":[{"embeddable":true,"href":"https:\/\/cantorlaw.biz\/fr\/wp-json\/wp\/v2\/users\/2"}],"replies":[{"embeddable":true,"href":"https:\/\/cantorlaw.biz\/fr\/wp-json\/wp\/v2\/comments?post=2503"}],"version-history":[{"count":0,"href":"https:\/\/cantorlaw.biz\/fr\/wp-json\/wp\/v2\/posts\/2503\/revisions"}],"wp:attachment":[{"href":"https:\/\/cantorlaw.biz\/fr\/wp-json\/wp\/v2\/media?parent=2503"}],"wp:term":[{"taxonomy":"category","embeddable":true,"href":"https:\/\/cantorlaw.biz\/fr\/wp-json\/wp\/v2\/categories?post=2503"},{"taxonomy":"post_tag","embeddable":true,"href":"https:\/\/cantorlaw.biz\/fr\/wp-json\/wp\/v2\/tags?post=2503"}],"curies":[{"name":"wp","href":"https:\/\/api.w.org\/{rel}","templated":true}]}}