{"id":2506,"date":"2026-08-20T08:52:59","date_gmt":"2026-08-20T08:52:59","guid":{"rendered":"https:\/\/cantorlaw.biz\/modification-de-lutilisation-et-de-lusage-dun-terrain-attribue-en-exemption-dappel-doffres-par-lila\/"},"modified":"2026-08-31T13:52:48","modified_gmt":"2026-08-31T13:52:48","slug":"modification-de-lutilisation-et-de-lusage-dun-terrain-attribue-en-exemption-dappel-doffres-par-lila","status":"publish","type":"post","link":"https:\/\/cantorlaw.biz\/fr\/modification-de-lutilisation-et-de-lusage-dun-terrain-attribue-en-exemption-dappel-doffres-par-lila\/","title":{"rendered":"Modification de l&rsquo;utilisation et de l&rsquo;usage d&rsquo;un terrain attribu\u00e9 en exemption d&rsquo;appel d&rsquo;offres par l&rsquo;ILA"},"content":{"rendered":"\n<h1 class=\"wp-block-heading\"><strong>Analyse de la jurisprudence relative \u00e0 la modification de l&rsquo;affectation de terrains attribu\u00e9s en exemption d&rsquo;appel d&rsquo;offres<\/strong><\/h1>\n\n<p class=\"wp-block-paragraph\">La jurisprudence isra\u00e9lienne a interpr\u00e9t\u00e9 de mani\u00e8re coh\u00e9rente et restrictive l&rsquo;\u00e9tendue des droits accord\u00e9s aux promoteurs dans le cadre de l&rsquo;attribution de terrains en exemption d&rsquo;appel d&rsquo;offres. Cette tendance vise \u00e0 pr\u00e9server le principe d&rsquo;\u00e9galit\u00e9, d&rsquo;\u00e9quit\u00e9 et de libre concurrence, tout en prot\u00e9geant les finances publiques et l&rsquo;efficacit\u00e9 de l&rsquo;utilisation des r\u00e9serves fonci\u00e8res de l&rsquo;\u00c9tat. <\/p>\n\n<p class=\"wp-block-paragraph\">1.1 HCJ 10284\/08 Yitzhak Eliyahu Travaux de terrassement Ltd. c. Administration fonci\u00e8re d&rsquo;Isra\u00ebl<\/p>\n\n<p class=\"wp-block-paragraph\">Cet arr\u00eat consacre le principe de bonne foi et d&rsquo;interdiction de se faire justice soi-m\u00eame sur les terrains publics. La requ\u00e9rante, qui avait re\u00e7u un terrain en exemption d&rsquo;appel d&rsquo;offres pour une activit\u00e9 industrielle de recyclage de m\u00e9taux, a commenc\u00e9 \u00e0 exploiter sur le bien une discoth\u00e8que commerciale sans coordination ni autorisation de l&rsquo;ILA. La Cour supr\u00eame a rejet\u00e9 le recours et a \u00e9tabli que le manque de probit\u00e9 et l&rsquo;action de se faire justice soi-m\u00eame excluent tout recours devant un tribunal administratif. Il a \u00e9galement \u00e9t\u00e9 jug\u00e9 que l&rsquo;ILA dispose d&rsquo;un droit plein et entier de r\u00e9silier le contrat de d\u00e9veloppement en raison d&rsquo;un usage non conforme \u00e0 l&rsquo;objectif de l&rsquo;attribution initiale, et la l\u00e9galit\u00e9 et la validit\u00e9 des p\u00e9riodes de gel (conform\u00e9ment \u00e0 la d\u00e9cision historique 1455 de l&rsquo;Administration) ont \u00e9t\u00e9 reconnues afin d&#8217;emp\u00eacher le contournement des appels d&rsquo;offres. <\/p>\n\n<p class=\"wp-block-paragraph\">1.2 CA (District Beer-Sheva) 24081-07-11 Eilat Plastic Ltd. c. Administration fonci\u00e8re d&rsquo;Isra\u00ebl<\/p>\n\n<p class=\"wp-block-paragraph\">Cet arr\u00eat traite de circonstances remarquablement similaires \u00e0 notre affaire concernant Yossef. Une soci\u00e9t\u00e9 ayant re\u00e7u un terrain en exemption d&rsquo;appel d&rsquo;offres pour une usine de moulage par injection de plastique a demand\u00e9 \u00e0 ajouter l&rsquo;usage d&rsquo;une station-service sur la parcelle comme \u00ab objectif suppl\u00e9mentaire \u00bb, en s&rsquo;appuyant sur un plan d&rsquo;urbanisme approuv\u00e9. Le tribunal de district a rejet\u00e9 la demande et a \u00e9tabli que l&rsquo;attribution de terrains en exemption d&rsquo;appel d&rsquo;offres limite strictement le preneur \u00e0 l&rsquo;usage aux fins sp\u00e9cifiques et restreintes pour lesquelles l&rsquo;exemption a \u00e9t\u00e9 accord\u00e9e. Une clarification importante de l&rsquo;arr\u00eat est qu&rsquo;une station-service est class\u00e9e comme usage commercial et non industriel, et que l&rsquo;octroi unilat\u00e9ral d&rsquo;une autorisation de conversion d&rsquo;affectation de l&rsquo;industrie au commerce sans appel d&rsquo;offres porte gravement atteinte au principe d&rsquo;\u00e9galit\u00e9 et l\u00e8se d&rsquo;autres promoteurs souhaitant concourir pour des terrains commerciaux.   <\/p>\n\n<p class=\"wp-block-paragraph\">1.3 CA (Magistrat Nazareth) 4995-07 \u00c9tat d&rsquo;Isra\u00ebl &#8211; Autorit\u00e9 fonci\u00e8re d&rsquo;Isra\u00ebl c. Adriel Promotion et Gestion (1999) Ltd. et autres<\/p>\n\n<p class=\"wp-block-paragraph\">Dans cette action, l&rsquo;ILA a exig\u00e9 l&rsquo;expulsion et la d\u00e9molition des b\u00e2timents d&rsquo;une soci\u00e9t\u00e9 ayant construit une salle de r\u00e9ception commerciale sur un terrain qui lui avait \u00e9t\u00e9 attribu\u00e9 en exemption d&rsquo;appel d&rsquo;offres \u00e0 des fins industrielles (usine agroalimentaire). Le tribunal a fait enti\u00e8rement droit \u00e0 la demande de l&rsquo;\u00c9tat, a ordonn\u00e9 l&rsquo;\u00e9vacuation du terrain et a annul\u00e9 le contrat. Il a \u00e9t\u00e9 jug\u00e9 que les exemptions d&rsquo;appel d&rsquo;offres constituent une exception \u00e9troite et doivent \u00eatre interpr\u00e9t\u00e9es de mani\u00e8re tr\u00e8s restrictive. Il a \u00e9galement \u00e9t\u00e9 \u00e9tabli que l&rsquo;obtention d&rsquo;un permis d&rsquo;usage d\u00e9rogatoire ou d&rsquo;un permis de construire aupr\u00e8s des commissions d&rsquo;urbanisme locales ne lie pas l&rsquo;ILA en tant que propri\u00e9taire du terrain et ne pr\u00e9vaut pas sur les obligations contractuelles restrictives du promoteur dans le contrat conclu avec elle.<\/p>\n\n<p class=\"wp-block-paragraph\">1.4 CA 10397\/04 Savyonei Yavne Ltd. c. Administration fonci\u00e8re d&rsquo;Isra\u00ebl<\/p>\n\n<p class=\"wp-block-paragraph\">L&rsquo;arr\u00eat a \u00e9tabli qu&rsquo;une modification substantielle de l&rsquo;objet initial du contrat (de logement prot\u00e9g\u00e9 \u00e0 logement ordinaire comprenant plusieurs unit\u00e9s d&rsquo;habitation) permet \u00e0 l&rsquo;ILA de conditionner la prolongation du contrat ou l&rsquo;octroi de l&rsquo;autorisation au paiement de droits de permis int\u00e9graux refl\u00e9tant la valeur \u00e9conomique du nouveau droit. Le tribunal a soulign\u00e9 qu&rsquo;il n&rsquo;y a pas d&rsquo;identit\u00e9 entre les droits relatifs \u00e0 des \u00e9tablissements publics ou \u00e0 des logements m\u00e9dicalis\u00e9s limit\u00e9s et ceux relatifs \u00e0 des logements ou commerces libres, et que les droits d&rsquo;usage et les droits de permis doivent \u00eatre calcul\u00e9s en fonction de la nature actualis\u00e9e de la transaction. <\/p>\n\n<p class=\"wp-block-paragraph\">1.5 FH 5476\/20 Shaul Bata c. Autorit\u00e9 fonci\u00e8re d&rsquo;Isra\u00ebl<\/p>\n\n<p class=\"wp-block-paragraph\">La d\u00e9cision en audience compl\u00e9mentaire a confirm\u00e9 la doctrine majoritaire selon laquelle l&rsquo;\u00e9valuation d&rsquo;une parcelle attribu\u00e9e en exemption d&rsquo;appel d&rsquo;offres est calcul\u00e9e sur la base de l&rsquo;int\u00e9gralit\u00e9 du potentiel d&rsquo;urbanisme en vigueur qui s&rsquo;y applique, sans tenir compte des restrictions contractuelles impos\u00e9es par l&rsquo;Administration. Toutefois, il a \u00e9t\u00e9 \u00e9tabli que si le preneur souhaite \u00e0 l&rsquo;avenir effectuer une modification effective de l&rsquo;usage du bien conform\u00e9ment \u00e0 l&rsquo;affectation urbanistique approuv\u00e9e, le paiement \u00e9lev\u00e9 effectu\u00e9 lors de la transaction initiale pourra \u00eatre pris en compte aux fins de compensation des droits de permis, cr\u00e9ant ainsi un \u00e9quilibre \u00e9conomique appropri\u00e9 pour la protection des finances publiques. <\/p>\n\n<p class=\"wp-block-paragraph\">1.6 Arr\u00eats compl\u00e9mentaires suppl\u00e9mentaires<\/p>\n\n<p class=\"wp-block-paragraph\">\u2022 HCJ 3907\/17 (Histadrout) &#8211; a \u00e9tabli que la limitation des modifications d&rsquo;affectation sur un terrain attribu\u00e9 \u00e0 des fins publiques constitue une politique raisonnable et appropri\u00e9e. Si l&rsquo;usage public cesse, il n&rsquo;y a plus de justification \u00e0 des conditions de bail avantageuses et le terrain doit revenir au domaine public. <\/p>\n\n<p class=\"wp-block-paragraph\">\u2022 CA 30528-08-21 (Shapir Industries) &#8211; a renforc\u00e9 la conclusion selon laquelle la recommandation du minist\u00e8re de l&rsquo;\u00c9conomie ne cr\u00e9e pas pour le promoteur un \u00ab droit acquis \u00bb \u00e0 l&rsquo;obtention d&rsquo;une exemption d&rsquo;appel d&rsquo;offres, le pouvoir discr\u00e9tionnaire administratif final et \u00e9tendu concernant l&rsquo;attribution de la ressource fonci\u00e8re \u00e9tant r\u00e9serv\u00e9 exclusivement \u00e0 l&rsquo;ILA.<\/p>\n\n<p class=\"wp-block-paragraph\">\u2022 CA 61980-05-20 (G. Ofer) &#8211; a confirm\u00e9 le caract\u00e8re raisonnable des d\u00e9cisions de l&rsquo;ILA concernant l&rsquo;attribution d&rsquo;un terrain adjacent en exemption d&rsquo;appel d&rsquo;offres aux fins d&rsquo;extension d&rsquo;une usine existante, et a soulign\u00e9 l&rsquo;importance du d\u00e9veloppement industriel et de la pr\u00e9vention des d\u00e9faillances du march\u00e9 tout en maintenant des proc\u00e9dures appropri\u00e9es.<\/p>\n\n<h1 class=\"wp-block-heading\"><strong>Directives et proc\u00e9dures de l&rsquo;Autorit\u00e9 fonci\u00e8re d&rsquo;Isra\u00ebl (ILA) relatives aux transactions de modification d&rsquo;utilisation et d&rsquo;affectation<\/strong><\/h1>\n\n<p class=\"wp-block-paragraph\">Le sous-chapitre 5.5 du Codex des d\u00e9cisions de l&rsquo;ILA traite de \u00ab l&rsquo;ajout de construction, modification d&rsquo;affectation ou d&rsquo;utilisation, division de parcelle \u00bb. Ce chapitre \u00e9tablit les r\u00e8gles de base pour les op\u00e9rations de valorisation et de mise \u00e0 niveau sur les terrains de l&rsquo;\u00c9tat. <\/p>\n\n<p class=\"wp-block-paragraph\">\u2022 Obligation de r\u00e9aliser l&rsquo;objet initial du bail comme condition pr\u00e9alable (article 5.5.18) : Les dispositions du chapitre \u00e9tablissent une r\u00e8gle seuil claire \u2013 \u00e0 l&rsquo;exception d&rsquo;une exception sp\u00e9cifique pour l&rsquo;\u00e9tude de faisabilit\u00e9 pr\u00e9liminaire \u00e0 l&rsquo;article 5.5.7, l&rsquo;ensemble des dispositions relatives \u00e0 la modification d&rsquo;affectation, \u00e0 la modification d&rsquo;utilisation et \u00e0 la division de parcelle ne s&rsquo;appliquent pas aux contrats dans lesquels l&rsquo;objet initial du bail n&rsquo;a pas \u00e9t\u00e9 r\u00e9alis\u00e9. Un preneur qui n&rsquo;a pas construit et exploit\u00e9 le projet initial ne peut demander de modifications. <\/p>\n\n<p class=\"wp-block-paragraph\">\u2022 R\u00e8gles sp\u00e9cifiques aux terrains attribu\u00e9s en exemption d&rsquo;appel d&rsquo;offres (article 5.5.33) : Cet article r\u00e9git exclusivement les terrains attribu\u00e9s en exemption d&rsquo;appel d&rsquo;offres \u00e0 des fins d&#8217;emploi ou de tourisme sur recommandation du minist\u00e8re de l&rsquo;\u00c9conomie ou du minist\u00e8re du Tourisme. Une transaction de modification d&rsquo;affectation ou d&rsquo;objet d&rsquo;usage d&rsquo;un tel terrain est subordonn\u00e9e \u00e0 deux conditions cumulatives essentielles : <\/p>\n\n<p class=\"wp-block-paragraph\">  (1) Obtention d&rsquo;une autorisation officielle du minist\u00e8re gouvernemental recommandant (minist\u00e8re de l&rsquo;\u00c9conomie) attestant de mani\u00e8re non \u00e9quivoque que l&rsquo;objet initial du bail a \u00e9t\u00e9 pleinement r\u00e9alis\u00e9 et achev\u00e9.<\/p>\n\n<p class=\"wp-block-paragraph\">  (2) \u00c9coulement d&rsquo;une p\u00e9riode de gel stricte de sept (7) ans \u00e0 compter de la date de signature du contrat de bail. \u2022 Statut du contrat de d\u00e9veloppement par rapport au contrat de bail (article 5.5.7) : Un titulaire de droits soumis \u00e0 un contrat de d\u00e9veloppement, ou un preneur n&rsquo;ayant pas r\u00e9alis\u00e9 l&rsquo;objet du bail et souhaitant acqu\u00e9rir des droits suppl\u00e9mentaires ou diff\u00e9rents, sera soumis \u00e0 des droits de permis capitalis\u00e9s au taux major\u00e9 de 91 %. Toutefois, pour un terrain attribu\u00e9 en exemption d&rsquo;appel d&rsquo;offres \u00e0 des fins d&#8217;emploi, ce m\u00e9canisme est soumis \u00e0 la restriction de l&rsquo;article 5.5.33 qui emp\u00eache totalement la r\u00e9alisation m\u00eame de la transaction de modification d&rsquo;objet avant l&rsquo;\u00e9coulement de 7 ans.  <\/p>\n","protected":false},"excerpt":{"rendered":"<p>Analyse de la jurisprudence relative \u00e0 la modification de l&rsquo;affectation de terrains attribu\u00e9s en exemption d&rsquo;appel d&rsquo;offres La jurisprudence isra\u00e9lienne a interpr\u00e9t\u00e9 de mani\u00e8re coh\u00e9rente et restrictive l&rsquo;\u00e9tendue des droits accord\u00e9s aux promoteurs dans le cadre de l&rsquo;attribution de terrains en exemption d&rsquo;appel d&rsquo;offres. Cette tendance vise \u00e0 pr\u00e9server le principe d&rsquo;\u00e9galit\u00e9, d&rsquo;\u00e9quit\u00e9 et de libre concurrence, tout en prot\u00e9geant [&hellip;]<\/p>\n","protected":false},"author":2,"featured_media":0,"comment_status":"open","ping_status":"open","sticky":false,"template":"","format":"standard","meta":{"_acf_changed":false,"_et_pb_use_builder":"off","_et_pb_old_content":"","_et_gb_content_width":"","footnotes":""},"categories":[72,79],"tags":[],"class_list":["post-2506","post","type-post","status-publish","format-standard","hentry","category-dernieres-mises-a-jour","category-immobilier"],"acf":[],"yoast_head":"<!-- This site is optimized with the Yoast SEO plugin v28.3 - https:\/\/yoast.com\/product\/yoast-seo-wordpress\/ -->\n<title>Modification de l&#039;utilisation et de l&#039;usage d&#039;un terrain attribu\u00e9 en exemption d&#039;appel d&#039;offres par l&#039;ILA - \u05e7\u05e0\u05d8\u05d5\u05e8 \u05d5\u05e9\u05d5\u05ea&#039; \u05de\u05e9\u05e8\u05d3 \u05e2\u05d5\u05e8\u05db\u05d9 \u05d3\u05d9\u05df \u05d5\u05e0\u05d5\u05d8\u05e8\u05d9\u05d5\u05e0\u05d9\u05dd<\/title>\n<meta name=\"robots\" content=\"index, follow, max-snippet:-1, max-image-preview:large, max-video-preview:-1\" \/>\n<link rel=\"canonical\" href=\"https:\/\/cantorlaw.biz\/fr\/modification-de-lutilisation-et-de-lusage-dun-terrain-attribue-en-exemption-dappel-doffres-par-lila\/\" \/>\n<meta property=\"og:locale\" content=\"fr_FR\" \/>\n<meta property=\"og:type\" content=\"article\" \/>\n<meta property=\"og:title\" content=\"Modification de l&#039;utilisation et de l&#039;usage d&#039;un terrain attribu\u00e9 en exemption d&#039;appel d&#039;offres par l&#039;ILA - \u05e7\u05e0\u05d8\u05d5\u05e8 \u05d5\u05e9\u05d5\u05ea&#039; \u05de\u05e9\u05e8\u05d3 \u05e2\u05d5\u05e8\u05db\u05d9 \u05d3\u05d9\u05df \u05d5\u05e0\u05d5\u05d8\u05e8\u05d9\u05d5\u05e0\u05d9\u05dd\" \/>\n<meta property=\"og:description\" content=\"Analyse de la jurisprudence relative \u00e0 la modification de l&rsquo;affectation de terrains attribu\u00e9s en exemption d&rsquo;appel d&rsquo;offres La jurisprudence isra\u00e9lienne a interpr\u00e9t\u00e9 de mani\u00e8re coh\u00e9rente et restrictive l&rsquo;\u00e9tendue des droits accord\u00e9s aux promoteurs dans le cadre de l&rsquo;attribution de terrains en exemption d&rsquo;appel d&rsquo;offres. Cette tendance vise \u00e0 pr\u00e9server le principe d&rsquo;\u00e9galit\u00e9, d&rsquo;\u00e9quit\u00e9 et de libre concurrence, tout en prot\u00e9geant [&hellip;]\" \/>\n<meta property=\"og:url\" content=\"https:\/\/cantorlaw.biz\/fr\/modification-de-lutilisation-et-de-lusage-dun-terrain-attribue-en-exemption-dappel-doffres-par-lila\/\" \/>\n<meta property=\"og:site_name\" content=\"\u05e7\u05e0\u05d8\u05d5\u05e8 \u05d5\u05e9\u05d5\u05ea&#039; \u05de\u05e9\u05e8\u05d3 \u05e2\u05d5\u05e8\u05db\u05d9 \u05d3\u05d9\u05df \u05d5\u05e0\u05d5\u05d8\u05e8\u05d9\u05d5\u05e0\u05d9\u05dd\" \/>\n<meta property=\"article:published_time\" content=\"2026-08-20T08:52:59+00:00\" \/>\n<meta property=\"article:modified_time\" content=\"2026-08-31T13:52:48+00:00\" \/>\n<meta name=\"author\" content=\"David Cantor\" \/>\n<meta name=\"twitter:card\" content=\"summary_large_image\" \/>\n<meta name=\"twitter:label1\" content=\"\u00c9crit par\" \/>\n\t<meta name=\"twitter:data1\" content=\"David Cantor\" \/>\n\t<meta name=\"twitter:label2\" content=\"Dur\u00e9e de lecture estim\u00e9e\" \/>\n\t<meta name=\"twitter:data2\" content=\"7 minutes\" \/>\n<script type=\"application\/ld+json\" class=\"yoast-schema-graph\">{\"@context\":\"https:\\\/\\\/schema.org\",\"@graph\":[{\"@type\":\"Article\",\"@id\":\"https:\\\/\\\/cantorlaw.biz\\\/fr\\\/modification-de-lutilisation-et-de-lusage-dun-terrain-attribue-en-exemption-dappel-doffres-par-lila\\\/#article\",\"isPartOf\":{\"@id\":\"https:\\\/\\\/cantorlaw.biz\\\/fr\\\/modification-de-lutilisation-et-de-lusage-dun-terrain-attribue-en-exemption-dappel-doffres-par-lila\\\/\"},\"author\":{\"name\":\"David Cantor\",\"@id\":\"https:\\\/\\\/cantorlaw.biz\\\/fr\\\/#\\\/schema\\\/person\\\/0405d7346ca029191e6dc822ee997660\"},\"headline\":\"Modification de l&rsquo;utilisation et de l&rsquo;usage d&rsquo;un terrain attribu\u00e9 en exemption d&rsquo;appel d&rsquo;offres par l&rsquo;ILA\",\"datePublished\":\"2026-08-20T08:52:59+00:00\",\"dateModified\":\"2026-08-31T13:52:48+00:00\",\"mainEntityOfPage\":{\"@id\":\"https:\\\/\\\/cantorlaw.biz\\\/fr\\\/modification-de-lutilisation-et-de-lusage-dun-terrain-attribue-en-exemption-dappel-doffres-par-lila\\\/\"},\"wordCount\":1489,\"commentCount\":0,\"articleSection\":[\"Derni\u00e8res mises \u00e0 jour\",\"Immobilier\"],\"inLanguage\":\"fr-FR\",\"potentialAction\":[{\"@type\":\"CommentAction\",\"name\":\"Comment\",\"target\":[\"https:\\\/\\\/cantorlaw.biz\\\/fr\\\/modification-de-lutilisation-et-de-lusage-dun-terrain-attribue-en-exemption-dappel-doffres-par-lila\\\/#respond\"]}]},{\"@type\":\"WebPage\",\"@id\":\"https:\\\/\\\/cantorlaw.biz\\\/fr\\\/modification-de-lutilisation-et-de-lusage-dun-terrain-attribue-en-exemption-dappel-doffres-par-lila\\\/\",\"url\":\"https:\\\/\\\/cantorlaw.biz\\\/fr\\\/modification-de-lutilisation-et-de-lusage-dun-terrain-attribue-en-exemption-dappel-doffres-par-lila\\\/\",\"name\":\"Modification de l'utilisation et de l'usage d'un terrain attribu\u00e9 en exemption d'appel d'offres par l'ILA - \u05e7\u05e0\u05d8\u05d5\u05e8 \u05d5\u05e9\u05d5\u05ea&#039; \u05de\u05e9\u05e8\u05d3 \u05e2\u05d5\u05e8\u05db\u05d9 \u05d3\u05d9\u05df \u05d5\u05e0\u05d5\u05d8\u05e8\u05d9\u05d5\u05e0\u05d9\u05dd\",\"isPartOf\":{\"@id\":\"https:\\\/\\\/cantorlaw.biz\\\/fr\\\/#website\"},\"datePublished\":\"2026-08-20T08:52:59+00:00\",\"dateModified\":\"2026-08-31T13:52:48+00:00\",\"author\":{\"@id\":\"https:\\\/\\\/cantorlaw.biz\\\/fr\\\/#\\\/schema\\\/person\\\/0405d7346ca029191e6dc822ee997660\"},\"breadcrumb\":{\"@id\":\"https:\\\/\\\/cantorlaw.biz\\\/fr\\\/modification-de-lutilisation-et-de-lusage-dun-terrain-attribue-en-exemption-dappel-doffres-par-lila\\\/#breadcrumb\"},\"inLanguage\":\"fr-FR\",\"potentialAction\":[{\"@type\":\"ReadAction\",\"target\":[\"https:\\\/\\\/cantorlaw.biz\\\/fr\\\/modification-de-lutilisation-et-de-lusage-dun-terrain-attribue-en-exemption-dappel-doffres-par-lila\\\/\"]}]},{\"@type\":\"BreadcrumbList\",\"@id\":\"https:\\\/\\\/cantorlaw.biz\\\/fr\\\/modification-de-lutilisation-et-de-lusage-dun-terrain-attribue-en-exemption-dappel-doffres-par-lila\\\/#breadcrumb\",\"itemListElement\":[{\"@type\":\"ListItem\",\"position\":1,\"name\":\"\u05d3\u05e3 \u05d4\u05d1\u05d9\u05ea\",\"item\":\"https:\\\/\\\/cantorlaw.biz\\\/fr\\\/accueil\\\/\"},{\"@type\":\"ListItem\",\"position\":2,\"name\":\"Modification de l&rsquo;utilisation et de l&rsquo;usage d&rsquo;un terrain attribu\u00e9 en exemption d&rsquo;appel d&rsquo;offres par l&rsquo;ILA\"}]},{\"@type\":\"WebSite\",\"@id\":\"https:\\\/\\\/cantorlaw.biz\\\/fr\\\/#website\",\"url\":\"https:\\\/\\\/cantorlaw.biz\\\/fr\\\/\",\"name\":\"\u05e7\u05e0\u05d8\u05d5\u05e8 \u05d5\u05e9\u05d5\u05ea&#039; \u05de\u05e9\u05e8\u05d3 \u05e2\u05d5\u05e8\u05db\u05d9 \u05d3\u05d9\u05df \u05d5\u05e0\u05d5\u05d8\u05e8\u05d9\u05d5\u05e0\u05d9\u05dd\",\"description\":\"\u05de\u05e9\u05e8\u05d3 \u05e2\u05d5\u05e8\u05db\u05d9 \u05d3\u05d9\u05df \u05d5\u05e0\u05d5\u05d8\u05e8\u05d9\u05d5\u05e0\u05d9\u05dd\",\"potentialAction\":[{\"@type\":\"SearchAction\",\"target\":{\"@type\":\"EntryPoint\",\"urlTemplate\":\"https:\\\/\\\/cantorlaw.biz\\\/fr\\\/?s={search_term_string}\"},\"query-input\":{\"@type\":\"PropertyValueSpecification\",\"valueRequired\":true,\"valueName\":\"search_term_string\"}}],\"inLanguage\":\"fr-FR\"},{\"@type\":\"Person\",\"@id\":\"https:\\\/\\\/cantorlaw.biz\\\/fr\\\/#\\\/schema\\\/person\\\/0405d7346ca029191e6dc822ee997660\",\"name\":\"David Cantor\",\"image\":{\"@type\":\"ImageObject\",\"inLanguage\":\"fr-FR\",\"@id\":\"https:\\\/\\\/secure.gravatar.com\\\/avatar\\\/2f98000018a67314f722baefb5d6a00239ef45aed910af42ef11feb97133dd0c?s=96&d=mm&r=g\",\"url\":\"https:\\\/\\\/secure.gravatar.com\\\/avatar\\\/2f98000018a67314f722baefb5d6a00239ef45aed910af42ef11feb97133dd0c?s=96&d=mm&r=g\",\"contentUrl\":\"https:\\\/\\\/secure.gravatar.com\\\/avatar\\\/2f98000018a67314f722baefb5d6a00239ef45aed910af42ef11feb97133dd0c?s=96&d=mm&r=g\",\"caption\":\"David Cantor\"},\"url\":\"https:\\\/\\\/cantorlaw.biz\\\/fr\\\/author\\\/cantor\\\/\"}]}<\/script>\n<!-- \/ Yoast SEO plugin. -->","yoast_head_json":{"title":"Modification de l'utilisation et de l'usage d'un terrain attribu\u00e9 en exemption d'appel d'offres par l'ILA - \u05e7\u05e0\u05d8\u05d5\u05e8 \u05d5\u05e9\u05d5\u05ea&#039; \u05de\u05e9\u05e8\u05d3 \u05e2\u05d5\u05e8\u05db\u05d9 \u05d3\u05d9\u05df \u05d5\u05e0\u05d5\u05d8\u05e8\u05d9\u05d5\u05e0\u05d9\u05dd","robots":{"index":"index","follow":"follow","max-snippet":"max-snippet:-1","max-image-preview":"max-image-preview:large","max-video-preview":"max-video-preview:-1"},"canonical":"https:\/\/cantorlaw.biz\/fr\/modification-de-lutilisation-et-de-lusage-dun-terrain-attribue-en-exemption-dappel-doffres-par-lila\/","og_locale":"fr_FR","og_type":"article","og_title":"Modification de l'utilisation et de l'usage d'un terrain attribu\u00e9 en exemption d'appel d'offres par l'ILA - \u05e7\u05e0\u05d8\u05d5\u05e8 \u05d5\u05e9\u05d5\u05ea&#039; \u05de\u05e9\u05e8\u05d3 \u05e2\u05d5\u05e8\u05db\u05d9 \u05d3\u05d9\u05df \u05d5\u05e0\u05d5\u05d8\u05e8\u05d9\u05d5\u05e0\u05d9\u05dd","og_description":"Analyse de la jurisprudence relative \u00e0 la modification de l&rsquo;affectation de terrains attribu\u00e9s en exemption d&rsquo;appel d&rsquo;offres La jurisprudence isra\u00e9lienne a interpr\u00e9t\u00e9 de mani\u00e8re coh\u00e9rente et restrictive l&rsquo;\u00e9tendue des droits accord\u00e9s aux promoteurs dans le cadre de l&rsquo;attribution de terrains en exemption d&rsquo;appel d&rsquo;offres. Cette tendance vise \u00e0 pr\u00e9server le principe d&rsquo;\u00e9galit\u00e9, d&rsquo;\u00e9quit\u00e9 et de libre concurrence, tout en prot\u00e9geant [&hellip;]","og_url":"https:\/\/cantorlaw.biz\/fr\/modification-de-lutilisation-et-de-lusage-dun-terrain-attribue-en-exemption-dappel-doffres-par-lila\/","og_site_name":"\u05e7\u05e0\u05d8\u05d5\u05e8 \u05d5\u05e9\u05d5\u05ea&#039; \u05de\u05e9\u05e8\u05d3 \u05e2\u05d5\u05e8\u05db\u05d9 \u05d3\u05d9\u05df \u05d5\u05e0\u05d5\u05d8\u05e8\u05d9\u05d5\u05e0\u05d9\u05dd","article_published_time":"2026-08-20T08:52:59+00:00","article_modified_time":"2026-08-31T13:52:48+00:00","author":"David Cantor","twitter_card":"summary_large_image","twitter_misc":{"\u00c9crit par":"David Cantor","Dur\u00e9e de lecture estim\u00e9e":"7 minutes"},"schema":{"@context":"https:\/\/schema.org","@graph":[{"@type":"Article","@id":"https:\/\/cantorlaw.biz\/fr\/modification-de-lutilisation-et-de-lusage-dun-terrain-attribue-en-exemption-dappel-doffres-par-lila\/#article","isPartOf":{"@id":"https:\/\/cantorlaw.biz\/fr\/modification-de-lutilisation-et-de-lusage-dun-terrain-attribue-en-exemption-dappel-doffres-par-lila\/"},"author":{"name":"David Cantor","@id":"https:\/\/cantorlaw.biz\/fr\/#\/schema\/person\/0405d7346ca029191e6dc822ee997660"},"headline":"Modification de l&rsquo;utilisation et de l&rsquo;usage d&rsquo;un terrain attribu\u00e9 en exemption d&rsquo;appel d&rsquo;offres par l&rsquo;ILA","datePublished":"2026-08-20T08:52:59+00:00","dateModified":"2026-08-31T13:52:48+00:00","mainEntityOfPage":{"@id":"https:\/\/cantorlaw.biz\/fr\/modification-de-lutilisation-et-de-lusage-dun-terrain-attribue-en-exemption-dappel-doffres-par-lila\/"},"wordCount":1489,"commentCount":0,"articleSection":["Derni\u00e8res mises \u00e0 jour","Immobilier"],"inLanguage":"fr-FR","potentialAction":[{"@type":"CommentAction","name":"Comment","target":["https:\/\/cantorlaw.biz\/fr\/modification-de-lutilisation-et-de-lusage-dun-terrain-attribue-en-exemption-dappel-doffres-par-lila\/#respond"]}]},{"@type":"WebPage","@id":"https:\/\/cantorlaw.biz\/fr\/modification-de-lutilisation-et-de-lusage-dun-terrain-attribue-en-exemption-dappel-doffres-par-lila\/","url":"https:\/\/cantorlaw.biz\/fr\/modification-de-lutilisation-et-de-lusage-dun-terrain-attribue-en-exemption-dappel-doffres-par-lila\/","name":"Modification de l'utilisation et de l'usage d'un terrain attribu\u00e9 en exemption d'appel d'offres par l'ILA - \u05e7\u05e0\u05d8\u05d5\u05e8 \u05d5\u05e9\u05d5\u05ea&#039; \u05de\u05e9\u05e8\u05d3 \u05e2\u05d5\u05e8\u05db\u05d9 \u05d3\u05d9\u05df \u05d5\u05e0\u05d5\u05d8\u05e8\u05d9\u05d5\u05e0\u05d9\u05dd","isPartOf":{"@id":"https:\/\/cantorlaw.biz\/fr\/#website"},"datePublished":"2026-08-20T08:52:59+00:00","dateModified":"2026-08-31T13:52:48+00:00","author":{"@id":"https:\/\/cantorlaw.biz\/fr\/#\/schema\/person\/0405d7346ca029191e6dc822ee997660"},"breadcrumb":{"@id":"https:\/\/cantorlaw.biz\/fr\/modification-de-lutilisation-et-de-lusage-dun-terrain-attribue-en-exemption-dappel-doffres-par-lila\/#breadcrumb"},"inLanguage":"fr-FR","potentialAction":[{"@type":"ReadAction","target":["https:\/\/cantorlaw.biz\/fr\/modification-de-lutilisation-et-de-lusage-dun-terrain-attribue-en-exemption-dappel-doffres-par-lila\/"]}]},{"@type":"BreadcrumbList","@id":"https:\/\/cantorlaw.biz\/fr\/modification-de-lutilisation-et-de-lusage-dun-terrain-attribue-en-exemption-dappel-doffres-par-lila\/#breadcrumb","itemListElement":[{"@type":"ListItem","position":1,"name":"\u05d3\u05e3 \u05d4\u05d1\u05d9\u05ea","item":"https:\/\/cantorlaw.biz\/fr\/accueil\/"},{"@type":"ListItem","position":2,"name":"Modification de l&rsquo;utilisation et de l&rsquo;usage d&rsquo;un terrain attribu\u00e9 en exemption d&rsquo;appel d&rsquo;offres par l&rsquo;ILA"}]},{"@type":"WebSite","@id":"https:\/\/cantorlaw.biz\/fr\/#website","url":"https:\/\/cantorlaw.biz\/fr\/","name":"\u05e7\u05e0\u05d8\u05d5\u05e8 \u05d5\u05e9\u05d5\u05ea&#039; \u05de\u05e9\u05e8\u05d3 \u05e2\u05d5\u05e8\u05db\u05d9 \u05d3\u05d9\u05df \u05d5\u05e0\u05d5\u05d8\u05e8\u05d9\u05d5\u05e0\u05d9\u05dd","description":"\u05de\u05e9\u05e8\u05d3 \u05e2\u05d5\u05e8\u05db\u05d9 \u05d3\u05d9\u05df \u05d5\u05e0\u05d5\u05d8\u05e8\u05d9\u05d5\u05e0\u05d9\u05dd","potentialAction":[{"@type":"SearchAction","target":{"@type":"EntryPoint","urlTemplate":"https:\/\/cantorlaw.biz\/fr\/?s={search_term_string}"},"query-input":{"@type":"PropertyValueSpecification","valueRequired":true,"valueName":"search_term_string"}}],"inLanguage":"fr-FR"},{"@type":"Person","@id":"https:\/\/cantorlaw.biz\/fr\/#\/schema\/person\/0405d7346ca029191e6dc822ee997660","name":"David Cantor","image":{"@type":"ImageObject","inLanguage":"fr-FR","@id":"https:\/\/secure.gravatar.com\/avatar\/2f98000018a67314f722baefb5d6a00239ef45aed910af42ef11feb97133dd0c?s=96&d=mm&r=g","url":"https:\/\/secure.gravatar.com\/avatar\/2f98000018a67314f722baefb5d6a00239ef45aed910af42ef11feb97133dd0c?s=96&d=mm&r=g","contentUrl":"https:\/\/secure.gravatar.com\/avatar\/2f98000018a67314f722baefb5d6a00239ef45aed910af42ef11feb97133dd0c?s=96&d=mm&r=g","caption":"David Cantor"},"url":"https:\/\/cantorlaw.biz\/fr\/author\/cantor\/"}]}},"_links":{"self":[{"href":"https:\/\/cantorlaw.biz\/fr\/wp-json\/wp\/v2\/posts\/2506","targetHints":{"allow":["GET"]}}],"collection":[{"href":"https:\/\/cantorlaw.biz\/fr\/wp-json\/wp\/v2\/posts"}],"about":[{"href":"https:\/\/cantorlaw.biz\/fr\/wp-json\/wp\/v2\/types\/post"}],"author":[{"embeddable":true,"href":"https:\/\/cantorlaw.biz\/fr\/wp-json\/wp\/v2\/users\/2"}],"replies":[{"embeddable":true,"href":"https:\/\/cantorlaw.biz\/fr\/wp-json\/wp\/v2\/comments?post=2506"}],"version-history":[{"count":0,"href":"https:\/\/cantorlaw.biz\/fr\/wp-json\/wp\/v2\/posts\/2506\/revisions"}],"wp:attachment":[{"href":"https:\/\/cantorlaw.biz\/fr\/wp-json\/wp\/v2\/media?parent=2506"}],"wp:term":[{"taxonomy":"category","embeddable":true,"href":"https:\/\/cantorlaw.biz\/fr\/wp-json\/wp\/v2\/categories?post=2506"},{"taxonomy":"post_tag","embeddable":true,"href":"https:\/\/cantorlaw.biz\/fr\/wp-json\/wp\/v2\/tags?post=2506"}],"curies":[{"name":"wp","href":"https:\/\/api.w.org\/{rel}","templated":true}]}}